{"id":65729,"date":"2025-08-31T22:30:00","date_gmt":"2025-09-01T01:30:00","guid":{"rendered":"https:\/\/newhotel.com\/?p=65729"},"modified":"2025-08-28T11:53:33","modified_gmt":"2025-08-28T14:53:33","slug":"quando-a-inovacao-nos-leva-a-novos-rumos-a-newhotel-estreia-se-na-tis-em-sevilha","status":"publish","type":"post","link":"https:\/\/newhotel.com\/br\/blog\/quando-a-inovacao-nos-leva-a-novos-rumos-a-newhotel-estreia-se-na-tis-em-sevilha\/","title":{"rendered":"Quando a Inova\u00e7\u00e3o Nos Leva a Novos Rumos: A Newhotel estreia-se na TIS em Sevilha"},"content":{"rendered":"\n<p class=\"wp-block-paragraph\">H\u00e1 algo de m\u00e1gico em ser <em>novato<\/em> num evento em que tantos j\u00e1 pisaram \u2014 e \u00e9 exatamente a\u00ed que reside a energia que estamos a sentir. A <strong>TIS \u2013 Tourism Innovation Summit<\/strong>, que se realiza pela primeira vez para n\u00f3s em Sevilha, n\u00e3o \u00e9 apenas mais uma feira: \u00e9 o palco onde a hotelaria do futuro se reinventa, e \u00e9 a\u00ed que queremos estar. <\/p>\n\n<div style=\"height:10px\" aria-hidden=\"true\" class=\"wp-block-spacer\"><\/div>\n\n<h2 class=\"wp-block-heading has-medium-font-size\" style=\"font-style:normal;font-weight:500\"><strong>O que \u00e9, afinal, a TIS?<\/strong><\/h2>\n\n<div style=\"height:10px\" aria-hidden=\"true\" class=\"wp-block-spacer\"><\/div>\n\n<p class=\"wp-block-paragraph\">A TIS \u00e9 muito mais do que uma confer\u00eancia \u2014 \u00e9 uma plataforma profissional que nasceu para transformar o turismo atrav\u00e9s da inova\u00e7\u00e3o, da tecnologia e da sustentabilidade <a href=\"https:\/\/www.tisglobalsummit.com\/about-tis\/?utm_source=chatgpt.com\" target=\"_blank\" rel=\"noreferrer noopener\">Tourism Innovation Summit<\/a>. Em 2025, aproxima-se com o lema \u201cInnovation in motion, tourism reimagined\u201d, refletindo um turismo relan\u00e7ado para a era digital, \u00e9tica e sustent\u00e1vel. <\/p>\n\n<p class=\"wp-block-paragraph\">Durante tr\u00eas dias \u2014 de 22 a 24 de outubro \u2014 Sevilha ser\u00e1 o centro de inova\u00e7\u00e3o tur\u00edstica com mais de <strong>8.000 profissionais<\/strong> empenhados em explorar solu\u00e7\u00f5es para tornar os destinos e hot\u00e9is mais competitivos. A programa\u00e7\u00e3o inclui ainda mais de <strong>400 speakers<\/strong> internacionais, que v\u00e3o partilhar conhecimentos em v\u00e1rios f\u00f3runs e verticals dedicados \u2014 de hotelaria a cultura, de ag\u00eancias a destinos. <\/p>\n\n<div style=\"height:10px\" aria-hidden=\"true\" class=\"wp-block-spacer\"><\/div>\n\n<p class=\"has-medium-font-size wp-block-paragraph\" style=\"font-style:normal;font-weight:500\"><strong>Sevilha: palco de hist\u00f3ria, palco de inova\u00e7\u00e3o<\/strong><\/p>\n\n<div style=\"height:10px\" aria-hidden=\"true\" class=\"wp-block-spacer\"><\/div>\n\n<p class=\"wp-block-paragraph\">Sevilha n\u00e3o \u00e9 s\u00f3 uma localidade elegante \u2014 \u00e9 poesia arquitet\u00f3nica, sabores intensos e hist\u00f3ria que nos embala com cada esquina. Mas tamb\u00e9m \u00e9 futuro: uma cidade que abra\u00e7a eventos como a TIS, que gerou (em 2024) mais de 20 milh\u00f5es de euros em impacto econ\u00f3mico e trouxe cerca de <strong>7.000 profissionais<\/strong>, <strong>400 oradores<\/strong> e <strong>200 expositores<\/strong> para a cidade. Aqui, a inova\u00e7\u00e3o tur\u00edstica n\u00e3o encontra melhor anfitri\u00e3.  <\/p>\n\n<div style=\"height:10px\" aria-hidden=\"true\" class=\"wp-block-spacer\"><\/div>\n\n<p class=\"has-medium-font-size wp-block-paragraph\" style=\"font-style:normal;font-weight:500\"><strong>A nossa estreia: aquele misto de nervos, ambi\u00e7\u00e3o e esperan\u00e7a<\/strong><\/p>\n\n<div style=\"height:10px\" aria-hidden=\"true\" class=\"wp-block-spacer\"><\/div>\n\n<p class=\"wp-block-paragraph\">Depois de anos de participa\u00e7\u00e3o em eventos como a WTM, ITB, FITUR, EQUIPOTEL, BTL, etc., esta \u00e9 uma estreia diferente \u2014 e essa diferen\u00e7a d\u00e1-lhe um sabor especial. Estamos a entrar num terreno novo, a nossa presen\u00e7a carrega o gosto da novidade, da descoberta, desse cen\u00e1rio onde tudo pode acontecer. <\/p>\n\n<p class=\"wp-block-paragraph\">Montar um stand pela primeira vez na TIS significa desafiar-se: alinhar design, mensagem, tecnologia e hospitalidade num espa\u00e7o que reflete quem somos e para onde queremos ir. \u00c9 uma alian\u00e7a entre a nossa hist\u00f3ria e o futuro que queremos construir. <\/p>\n\n<div style=\"height:10px\" aria-hidden=\"true\" class=\"wp-block-spacer\"><\/div>\n\n<p class=\"has-medium-font-size wp-block-paragraph\" style=\"font-style:normal;font-weight:500\"><strong>Porque estamos entusiasmados \u2014 e o que queremos partilhar<\/strong><\/p>\n\n<div style=\"height:10px\" aria-hidden=\"true\" class=\"wp-block-spacer\"><\/div>\n\n<p class=\"wp-block-paragraph\">Na TIS, trazemos mais do que software: trazemos solu\u00e7\u00f5es pensadas para responder aos desafios reais dos hot\u00e9is, com tecnologia que simplifica, humaniza e potencia resultados.<\/p>\n\n<ul class=\"wp-block-list\">\n<li>Automa\u00e7\u00e3o que libera equipas para o que realmente importa: o atendimento ao h\u00f3spede.<\/li>\n\n\n\n<li>Revenue management inteligente para maximizar receitas sem complicar opera\u00e7\u00f5es.<\/li>\n\n\n\n<li>Experi\u00eancias do h\u00f3spede flu\u00eddas desde a reserva at\u00e9 ao check-out.<\/li>\n<\/ul>\n\n<div style=\"height:10px\" aria-hidden=\"true\" class=\"wp-block-spacer\"><\/div>\n\n<p class=\"wp-block-paragraph\">Mas acima de tudo, trazemos disponibilidade para conversar, inspirar e criar redes de parceria.<\/p>\n\n<div style=\"height:10px\" aria-hidden=\"true\" class=\"wp-block-spacer\"><\/div>\n\n<p class=\"has-medium-font-size wp-block-paragraph\" style=\"font-style:normal;font-weight:500\"><strong>Uma hist\u00f3ria para viver juntos<\/strong><\/p>\n\n<div style=\"height:10px\" aria-hidden=\"true\" class=\"wp-block-spacer\"><\/div>\n\n<p class=\"wp-block-paragraph\">No fim, a TIS \u00e9 sobre cruzar caminhos \u2014 aquele encontro no corredor que gera uma ideia, um encontro marcado para depois da feira que abre uma nova frente de projeto, uma conversa onde nasce uma parceria.<\/p>\n\n<p class=\"wp-block-paragraph\">E n\u00f3s queremos estar l\u00e1. Queremos mostrar como podemos apoiar a hotelaria a inovar, a transformar-se, a elevar a atividade \u2014 e convid\u00e1-lo a visitar-nos no stand, marcar uma reuni\u00e3o com um dos nossos consultores e dar ao seu hotel essa oportunidade de crescer. <\/p>\n\n<div style=\"height:20px\" aria-hidden=\"true\" class=\"wp-block-spacer\"><\/div>\n\n<h2 class=\"wp-block-heading has-medium-font-size\" style=\"font-style:normal;font-weight:500\">Sevilha espera \u2014 e n\u00f3s tamb\u00e9m.<\/h2>\n","protected":false},"excerpt":{"rendered":"<p>H\u00e1 algo de m\u00e1gico em ser novato num evento em que tantos j\u00e1 pisaram \u2014 e \u00e9 exatamente a\u00ed que reside a energia que estamos a sentir. A TIS \u2013 Tourism Innovation Summit, que se realiza pela primeira vez para n\u00f3s em Sevilha, n\u00e3o \u00e9 apenas mais uma feira: \u00e9 o palco onde a hotelaria [&hellip;]<\/p>\n","protected":false},"author":7,"featured_media":65714,"comment_status":"closed","ping_status":"open","sticky":false,"template":"","format":"standard","meta":{"content-type":"","footnotes":""},"categories":[860,860],"tags":[],"class_list":["post-65729","post","type-post","status-publish","format-standard","has-post-thumbnail","hentry","category-noticia"],"yoast_head":"<!-- This site is optimized with the Yoast SEO Premium plugin v20.7 (Yoast SEO v28.1) - https:\/\/yoast.com\/product\/yoast-seo-premium-wordpress\/ -->\n<title>Quando a Inova\u00e7\u00e3o Nos Leva a Novos Rumos: A Newhotel estreia-se na TIS em Sevilha - Newhotel<\/title>\n<meta name=\"description\" content=\"Quando a Inova\u00e7\u00e3o Nos Leva a Novos Rumos: A Newhotel estreia-se na TIS em Sevilha. De 22 a 24 de outubro.\" \/>\n<meta name=\"robots\" content=\"index, follow, max-snippet:-1, max-image-preview:large, max-video-preview:-1\" \/>\n<link rel=\"canonical\" href=\"https:\/\/newhotel.com\/br\/blog\/quando-a-inovacao-nos-leva-a-novos-rumos-a-newhotel-estreia-se-na-tis-em-sevilha\/\" \/>\n<meta property=\"og:locale\" content=\"pt_BR\" \/>\n<meta property=\"og:type\" content=\"article\" \/>\n<meta property=\"og:title\" content=\"Quando a Inova\u00e7\u00e3o Nos Leva a Novos Rumos: A Newhotel estreia-se na TIS em Sevilha\" \/>\n<meta property=\"og:description\" content=\"Quando a Inova\u00e7\u00e3o Nos Leva a Novos Rumos: A Newhotel estreia-se na TIS em Sevilha. De 22 a 24 de outubro.\" \/>\n<meta property=\"og:url\" content=\"https:\/\/newhotel.com\/br\/blog\/quando-a-inovacao-nos-leva-a-novos-rumos-a-newhotel-estreia-se-na-tis-em-sevilha\/\" \/>\n<meta property=\"og:site_name\" content=\"Newhotel\" \/>\n<meta property=\"article:publisher\" content=\"https:\/\/www.facebook.com\/NewhotelSoftware\" \/>\n<meta property=\"article:published_time\" content=\"2025-09-01T01:30:00+00:00\" \/>\n<meta property=\"og:image\" content=\"https:\/\/newhotel.com\/wp-content\/uploads\/2025\/08\/header-tis-sevilha-newhotel-pt.png\" \/>\n\t<meta property=\"og:image:width\" content=\"600\" \/>\n\t<meta property=\"og:image:height\" content=\"300\" \/>\n\t<meta property=\"og:image:type\" content=\"image\/png\" \/>\n<meta name=\"author\" content=\"NewHotel\" \/>\n<meta name=\"twitter:card\" content=\"summary_large_image\" \/>\n<meta name=\"twitter:label1\" content=\"Escrito por\" \/>\n\t<meta name=\"twitter:data1\" content=\"NewHotel\" \/>\n\t<meta name=\"twitter:label2\" content=\"Est. tempo de leitura\" \/>\n\t<meta name=\"twitter:data2\" content=\"4 minutos\" \/>\n<script type=\"application\/ld+json\" class=\"yoast-schema-graph\">{\"@context\":\"https:\\\/\\\/schema.org\",\"@graph\":[{\"@type\":\"Article\",\"@id\":\"https:\\\/\\\/newhotel.com\\\/br\\\/blog\\\/quando-a-inovacao-nos-leva-a-novos-rumos-a-newhotel-estreia-se-na-tis-em-sevilha\\\/#article\",\"isPartOf\":{\"@id\":\"https:\\\/\\\/newhotel.com\\\/br\\\/blog\\\/quando-a-inovacao-nos-leva-a-novos-rumos-a-newhotel-estreia-se-na-tis-em-sevilha\\\/\"},\"author\":{\"name\":\"NewHotel\",\"@id\":\"https:\\\/\\\/newhotel.com\\\/br\\\/#\\\/schema\\\/person\\\/93ab21fb54694f5264a6289f914a117d\"},\"headline\":\"Quando a Inova\u00e7\u00e3o Nos Leva a Novos Rumos: A Newhotel estreia-se na TIS em Sevilha\",\"datePublished\":\"2025-09-01T01:30:00+00:00\",\"mainEntityOfPage\":{\"@id\":\"https:\\\/\\\/newhotel.com\\\/br\\\/blog\\\/quando-a-inovacao-nos-leva-a-novos-rumos-a-newhotel-estreia-se-na-tis-em-sevilha\\\/\"},\"wordCount\":569,\"publisher\":{\"@id\":\"https:\\\/\\\/newhotel.com\\\/br\\\/#organization\"},\"image\":{\"@id\":\"https:\\\/\\\/newhotel.com\\\/br\\\/blog\\\/quando-a-inovacao-nos-leva-a-novos-rumos-a-newhotel-estreia-se-na-tis-em-sevilha\\\/#primaryimage\"},\"thumbnailUrl\":\"https:\\\/\\\/newhotel.com\\\/wp-content\\\/uploads\\\/2025\\\/08\\\/header-tis-sevilha-newhotel-pt.png\",\"articleSection\":[\"Noticia\",\"Noticia\"],\"inLanguage\":\"pt-BR\"},{\"@type\":\"WebPage\",\"@id\":\"https:\\\/\\\/newhotel.com\\\/br\\\/blog\\\/quando-a-inovacao-nos-leva-a-novos-rumos-a-newhotel-estreia-se-na-tis-em-sevilha\\\/\",\"url\":\"https:\\\/\\\/newhotel.com\\\/br\\\/blog\\\/quando-a-inovacao-nos-leva-a-novos-rumos-a-newhotel-estreia-se-na-tis-em-sevilha\\\/\",\"name\":\"Quando a Inova\u00e7\u00e3o Nos Leva a Novos Rumos: A Newhotel estreia-se na TIS em Sevilha - Newhotel\",\"isPartOf\":{\"@id\":\"https:\\\/\\\/newhotel.com\\\/br\\\/#website\"},\"primaryImageOfPage\":{\"@id\":\"https:\\\/\\\/newhotel.com\\\/br\\\/blog\\\/quando-a-inovacao-nos-leva-a-novos-rumos-a-newhotel-estreia-se-na-tis-em-sevilha\\\/#primaryimage\"},\"image\":{\"@id\":\"https:\\\/\\\/newhotel.com\\\/br\\\/blog\\\/quando-a-inovacao-nos-leva-a-novos-rumos-a-newhotel-estreia-se-na-tis-em-sevilha\\\/#primaryimage\"},\"thumbnailUrl\":\"https:\\\/\\\/newhotel.com\\\/wp-content\\\/uploads\\\/2025\\\/08\\\/header-tis-sevilha-newhotel-pt.png\",\"datePublished\":\"2025-09-01T01:30:00+00:00\",\"description\":\"Quando a Inova\u00e7\u00e3o Nos Leva a Novos Rumos: A Newhotel estreia-se na TIS em Sevilha. De 22 a 24 de outubro.\",\"breadcrumb\":{\"@id\":\"https:\\\/\\\/newhotel.com\\\/br\\\/blog\\\/quando-a-inovacao-nos-leva-a-novos-rumos-a-newhotel-estreia-se-na-tis-em-sevilha\\\/#breadcrumb\"},\"inLanguage\":\"pt-BR\",\"potentialAction\":[{\"@type\":\"ReadAction\",\"target\":[\"https:\\\/\\\/newhotel.com\\\/br\\\/blog\\\/quando-a-inovacao-nos-leva-a-novos-rumos-a-newhotel-estreia-se-na-tis-em-sevilha\\\/\"]}]},{\"@type\":\"ImageObject\",\"inLanguage\":\"pt-BR\",\"@id\":\"https:\\\/\\\/newhotel.com\\\/br\\\/blog\\\/quando-a-inovacao-nos-leva-a-novos-rumos-a-newhotel-estreia-se-na-tis-em-sevilha\\\/#primaryimage\",\"url\":\"https:\\\/\\\/newhotel.com\\\/wp-content\\\/uploads\\\/2025\\\/08\\\/header-tis-sevilha-newhotel-pt.png\",\"contentUrl\":\"https:\\\/\\\/newhotel.com\\\/wp-content\\\/uploads\\\/2025\\\/08\\\/header-tis-sevilha-newhotel-pt.png\",\"width\":600,\"height\":300,\"caption\":\"Quando a inova\u00e7\u00e3o nos leva a novos rumos\"},{\"@type\":\"BreadcrumbList\",\"@id\":\"https:\\\/\\\/newhotel.com\\\/br\\\/blog\\\/quando-a-inovacao-nos-leva-a-novos-rumos-a-newhotel-estreia-se-na-tis-em-sevilha\\\/#breadcrumb\",\"itemListElement\":[{\"@type\":\"ListItem\",\"position\":1,\"name\":\"In\u00edcio\",\"item\":\"https:\\\/\\\/newhotel.com\\\/pt\\\/\"},{\"@type\":\"ListItem\",\"position\":2,\"name\":\"Quando a Inova\u00e7\u00e3o Nos Leva a Novos Rumos: A Newhotel estreia-se na TIS em Sevilha\"}]},{\"@type\":\"WebSite\",\"@id\":\"https:\\\/\\\/newhotel.com\\\/br\\\/#website\",\"url\":\"https:\\\/\\\/newhotel.com\\\/br\\\/\",\"name\":\"Newhotel\",\"description\":\"Software de Gest\u00e3o de Hot\u00e9is\",\"publisher\":{\"@id\":\"https:\\\/\\\/newhotel.com\\\/br\\\/#organization\"},\"potentialAction\":[{\"@type\":\"SearchAction\",\"target\":{\"@type\":\"EntryPoint\",\"urlTemplate\":\"https:\\\/\\\/newhotel.com\\\/br\\\/?s={search_term_string}\"},\"query-input\":{\"@type\":\"PropertyValueSpecification\",\"valueRequired\":true,\"valueName\":\"search_term_string\"}}],\"inLanguage\":\"pt-BR\"},{\"@type\":\"Organization\",\"@id\":\"https:\\\/\\\/newhotel.com\\\/br\\\/#organization\",\"name\":\"Newhotel Software\",\"alternateName\":\"Newhotel\",\"url\":\"https:\\\/\\\/newhotel.com\\\/br\\\/\",\"logo\":{\"@type\":\"ImageObject\",\"inLanguage\":\"pt-BR\",\"@id\":\"https:\\\/\\\/newhotel.com\\\/br\\\/#\\\/schema\\\/logo\\\/image\\\/\",\"url\":\"https:\\\/\\\/newhotel.com\\\/wp-content\\\/uploads\\\/2025\\\/09\\\/logo-newhotel-1.png\",\"contentUrl\":\"https:\\\/\\\/newhotel.com\\\/wp-content\\\/uploads\\\/2025\\\/09\\\/logo-newhotel-1.png\",\"width\":200,\"height\":150,\"caption\":\"Newhotel Software\"},\"image\":{\"@id\":\"https:\\\/\\\/newhotel.com\\\/br\\\/#\\\/schema\\\/logo\\\/image\\\/\"},\"sameAs\":[\"https:\\\/\\\/www.facebook.com\\\/NewhotelSoftware\",\"https:\\\/\\\/www.linkedin.com\\\/company\\\/newhotel-software\\\/\",\"https:\\\/\\\/www.instagram.com\\\/newhotelsoftware\\\/\",\"https:\\\/\\\/www.youtube.com\\\/user\\\/SoftwareNewHotel\"]},{\"@type\":\"Person\",\"@id\":\"https:\\\/\\\/newhotel.com\\\/br\\\/#\\\/schema\\\/person\\\/93ab21fb54694f5264a6289f914a117d\",\"name\":\"NewHotel\",\"image\":{\"@type\":\"ImageObject\",\"inLanguage\":\"pt-BR\",\"@id\":\"https:\\\/\\\/secure.gravatar.com\\\/avatar\\\/ff390cffde712a36df896fe75ea56d7b4345409f04bfabac76cdd7f0ca5c39b7?s=96&d=mm&r=g\",\"url\":\"https:\\\/\\\/secure.gravatar.com\\\/avatar\\\/ff390cffde712a36df896fe75ea56d7b4345409f04bfabac76cdd7f0ca5c39b7?s=96&d=mm&r=g\",\"contentUrl\":\"https:\\\/\\\/secure.gravatar.com\\\/avatar\\\/ff390cffde712a36df896fe75ea56d7b4345409f04bfabac76cdd7f0ca5c39b7?s=96&d=mm&r=g\",\"caption\":\"NewHotel\"}}]}<\/script>\n<!-- \/ Yoast SEO Premium plugin. -->","yoast_head_json":{"title":"Quando a Inova\u00e7\u00e3o Nos Leva a Novos Rumos: A Newhotel estreia-se na TIS em Sevilha - Newhotel","description":"Quando a Inova\u00e7\u00e3o Nos Leva a Novos Rumos: A Newhotel estreia-se na TIS em Sevilha. De 22 a 24 de outubro.","robots":{"index":"index","follow":"follow","max-snippet":"max-snippet:-1","max-image-preview":"max-image-preview:large","max-video-preview":"max-video-preview:-1"},"canonical":"https:\/\/newhotel.com\/br\/blog\/quando-a-inovacao-nos-leva-a-novos-rumos-a-newhotel-estreia-se-na-tis-em-sevilha\/","og_locale":"pt_BR","og_type":"article","og_title":"Quando a Inova\u00e7\u00e3o Nos Leva a Novos Rumos: A Newhotel estreia-se na TIS em Sevilha","og_description":"Quando a Inova\u00e7\u00e3o Nos Leva a Novos Rumos: A Newhotel estreia-se na TIS em Sevilha. De 22 a 24 de outubro.","og_url":"https:\/\/newhotel.com\/br\/blog\/quando-a-inovacao-nos-leva-a-novos-rumos-a-newhotel-estreia-se-na-tis-em-sevilha\/","og_site_name":"Newhotel","article_publisher":"https:\/\/www.facebook.com\/NewhotelSoftware","article_published_time":"2025-09-01T01:30:00+00:00","og_image":[{"width":600,"height":300,"url":"https:\/\/newhotel.com\/wp-content\/uploads\/2025\/08\/header-tis-sevilha-newhotel-pt.png","type":"image\/png"}],"author":"NewHotel","twitter_card":"summary_large_image","twitter_misc":{"Escrito por":"NewHotel","Est. tempo de leitura":"4 minutos"},"schema":{"@context":"https:\/\/schema.org","@graph":[{"@type":"Article","@id":"https:\/\/newhotel.com\/br\/blog\/quando-a-inovacao-nos-leva-a-novos-rumos-a-newhotel-estreia-se-na-tis-em-sevilha\/#article","isPartOf":{"@id":"https:\/\/newhotel.com\/br\/blog\/quando-a-inovacao-nos-leva-a-novos-rumos-a-newhotel-estreia-se-na-tis-em-sevilha\/"},"author":{"name":"NewHotel","@id":"https:\/\/newhotel.com\/br\/#\/schema\/person\/93ab21fb54694f5264a6289f914a117d"},"headline":"Quando a Inova\u00e7\u00e3o Nos Leva a Novos Rumos: A Newhotel estreia-se na TIS em Sevilha","datePublished":"2025-09-01T01:30:00+00:00","mainEntityOfPage":{"@id":"https:\/\/newhotel.com\/br\/blog\/quando-a-inovacao-nos-leva-a-novos-rumos-a-newhotel-estreia-se-na-tis-em-sevilha\/"},"wordCount":569,"publisher":{"@id":"https:\/\/newhotel.com\/br\/#organization"},"image":{"@id":"https:\/\/newhotel.com\/br\/blog\/quando-a-inovacao-nos-leva-a-novos-rumos-a-newhotel-estreia-se-na-tis-em-sevilha\/#primaryimage"},"thumbnailUrl":"https:\/\/newhotel.com\/wp-content\/uploads\/2025\/08\/header-tis-sevilha-newhotel-pt.png","articleSection":["Noticia","Noticia"],"inLanguage":"pt-BR"},{"@type":"WebPage","@id":"https:\/\/newhotel.com\/br\/blog\/quando-a-inovacao-nos-leva-a-novos-rumos-a-newhotel-estreia-se-na-tis-em-sevilha\/","url":"https:\/\/newhotel.com\/br\/blog\/quando-a-inovacao-nos-leva-a-novos-rumos-a-newhotel-estreia-se-na-tis-em-sevilha\/","name":"Quando a Inova\u00e7\u00e3o Nos Leva a Novos Rumos: A Newhotel estreia-se na TIS em Sevilha - Newhotel","isPartOf":{"@id":"https:\/\/newhotel.com\/br\/#website"},"primaryImageOfPage":{"@id":"https:\/\/newhotel.com\/br\/blog\/quando-a-inovacao-nos-leva-a-novos-rumos-a-newhotel-estreia-se-na-tis-em-sevilha\/#primaryimage"},"image":{"@id":"https:\/\/newhotel.com\/br\/blog\/quando-a-inovacao-nos-leva-a-novos-rumos-a-newhotel-estreia-se-na-tis-em-sevilha\/#primaryimage"},"thumbnailUrl":"https:\/\/newhotel.com\/wp-content\/uploads\/2025\/08\/header-tis-sevilha-newhotel-pt.png","datePublished":"2025-09-01T01:30:00+00:00","description":"Quando a Inova\u00e7\u00e3o Nos Leva a Novos Rumos: A Newhotel estreia-se na TIS em Sevilha. De 22 a 24 de outubro.","breadcrumb":{"@id":"https:\/\/newhotel.com\/br\/blog\/quando-a-inovacao-nos-leva-a-novos-rumos-a-newhotel-estreia-se-na-tis-em-sevilha\/#breadcrumb"},"inLanguage":"pt-BR","potentialAction":[{"@type":"ReadAction","target":["https:\/\/newhotel.com\/br\/blog\/quando-a-inovacao-nos-leva-a-novos-rumos-a-newhotel-estreia-se-na-tis-em-sevilha\/"]}]},{"@type":"ImageObject","inLanguage":"pt-BR","@id":"https:\/\/newhotel.com\/br\/blog\/quando-a-inovacao-nos-leva-a-novos-rumos-a-newhotel-estreia-se-na-tis-em-sevilha\/#primaryimage","url":"https:\/\/newhotel.com\/wp-content\/uploads\/2025\/08\/header-tis-sevilha-newhotel-pt.png","contentUrl":"https:\/\/newhotel.com\/wp-content\/uploads\/2025\/08\/header-tis-sevilha-newhotel-pt.png","width":600,"height":300,"caption":"Quando a inova\u00e7\u00e3o nos leva a novos rumos"},{"@type":"BreadcrumbList","@id":"https:\/\/newhotel.com\/br\/blog\/quando-a-inovacao-nos-leva-a-novos-rumos-a-newhotel-estreia-se-na-tis-em-sevilha\/#breadcrumb","itemListElement":[{"@type":"ListItem","position":1,"name":"In\u00edcio","item":"https:\/\/newhotel.com\/pt\/"},{"@type":"ListItem","position":2,"name":"Quando a Inova\u00e7\u00e3o Nos Leva a Novos Rumos: A Newhotel estreia-se na TIS em Sevilha"}]},{"@type":"WebSite","@id":"https:\/\/newhotel.com\/br\/#website","url":"https:\/\/newhotel.com\/br\/","name":"Newhotel","description":"Software de Gest\u00e3o de Hot\u00e9is","publisher":{"@id":"https:\/\/newhotel.com\/br\/#organization"},"potentialAction":[{"@type":"SearchAction","target":{"@type":"EntryPoint","urlTemplate":"https:\/\/newhotel.com\/br\/?s={search_term_string}"},"query-input":{"@type":"PropertyValueSpecification","valueRequired":true,"valueName":"search_term_string"}}],"inLanguage":"pt-BR"},{"@type":"Organization","@id":"https:\/\/newhotel.com\/br\/#organization","name":"Newhotel Software","alternateName":"Newhotel","url":"https:\/\/newhotel.com\/br\/","logo":{"@type":"ImageObject","inLanguage":"pt-BR","@id":"https:\/\/newhotel.com\/br\/#\/schema\/logo\/image\/","url":"https:\/\/newhotel.com\/wp-content\/uploads\/2025\/09\/logo-newhotel-1.png","contentUrl":"https:\/\/newhotel.com\/wp-content\/uploads\/2025\/09\/logo-newhotel-1.png","width":200,"height":150,"caption":"Newhotel Software"},"image":{"@id":"https:\/\/newhotel.com\/br\/#\/schema\/logo\/image\/"},"sameAs":["https:\/\/www.facebook.com\/NewhotelSoftware","https:\/\/www.linkedin.com\/company\/newhotel-software\/","https:\/\/www.instagram.com\/newhotelsoftware\/","https:\/\/www.youtube.com\/user\/SoftwareNewHotel"]},{"@type":"Person","@id":"https:\/\/newhotel.com\/br\/#\/schema\/person\/93ab21fb54694f5264a6289f914a117d","name":"NewHotel","image":{"@type":"ImageObject","inLanguage":"pt-BR","@id":"https:\/\/secure.gravatar.com\/avatar\/ff390cffde712a36df896fe75ea56d7b4345409f04bfabac76cdd7f0ca5c39b7?s=96&d=mm&r=g","url":"https:\/\/secure.gravatar.com\/avatar\/ff390cffde712a36df896fe75ea56d7b4345409f04bfabac76cdd7f0ca5c39b7?s=96&d=mm&r=g","contentUrl":"https:\/\/secure.gravatar.com\/avatar\/ff390cffde712a36df896fe75ea56d7b4345409f04bfabac76cdd7f0ca5c39b7?s=96&d=mm&r=g","caption":"NewHotel"}}]}},"_links":{"self":[{"href":"https:\/\/newhotel.com\/br\/wp-json\/wp\/v2\/posts\/65729","targetHints":{"allow":["GET"]}}],"collection":[{"href":"https:\/\/newhotel.com\/br\/wp-json\/wp\/v2\/posts"}],"about":[{"href":"https:\/\/newhotel.com\/br\/wp-json\/wp\/v2\/types\/post"}],"author":[{"embeddable":true,"href":"https:\/\/newhotel.com\/br\/wp-json\/wp\/v2\/users\/7"}],"replies":[{"embeddable":true,"href":"https:\/\/newhotel.com\/br\/wp-json\/wp\/v2\/comments?post=65729"}],"version-history":[{"count":1,"href":"https:\/\/newhotel.com\/br\/wp-json\/wp\/v2\/posts\/65729\/revisions"}],"predecessor-version":[{"id":65730,"href":"https:\/\/newhotel.com\/br\/wp-json\/wp\/v2\/posts\/65729\/revisions\/65730"}],"wp:attachment":[{"href":"https:\/\/newhotel.com\/br\/wp-json\/wp\/v2\/media?parent=65729"}],"wp:term":[{"taxonomy":"category","embeddable":true,"href":"https:\/\/newhotel.com\/br\/wp-json\/wp\/v2\/categories?post=65729"},{"taxonomy":"post_tag","embeddable":true,"href":"https:\/\/newhotel.com\/br\/wp-json\/wp\/v2\/tags?post=65729"}],"curies":[{"name":"wp","href":"https:\/\/api.w.org\/{rel}","templated":true}]}}