{"id":8160,"date":"2020-02-10T13:39:55","date_gmt":"2020-02-10T16:39:55","guid":{"rendered":"https:\/\/newhotel.inundaserver.com.br\/https-newhotel-com-br-como-a-nova-lei-para-a-protecao-de-dados-afeta-pessoas-e-empresas-no-brasil\/"},"modified":"2023-08-18T17:08:22","modified_gmt":"2023-08-18T20:08:22","slug":"como-a-nova-lei-para-a-protecao-de-dados-afeta-pessoas-e-empresas-no-brasil","status":"publish","type":"post","link":"https:\/\/newhotel.com\/br\/blog\/como-a-nova-lei-para-a-protecao-de-dados-afeta-pessoas-e-empresas-no-brasil\/","title":{"rendered":"Como a nova lei para a prote\u00e7\u00e3o de dados afeta pessoas e empresas no Brasil"},"content":{"rendered":"<p>Um erro comum no in\u00edcio da\u00a0GDPR (a lei de prote\u00e7\u00e3o de dados europeia) e que rendeu muitas puni\u00e7\u00f5es no in\u00edcio de sua aplica\u00e7\u00e3o, foi que as pessoas e empresas n\u00e3o souberam olhar para toda a opera\u00e7\u00e3o antes de se enquadrar \u00e0 regulamenta\u00e7\u00e3o.<\/p>\n<p>A primeira coisa a se pensar \u00e9 que todas as empresas, de todos os segmentos e tamanhos ser\u00e3o afetadas por esta mudan\u00e7a jur\u00eddica. Afinal, toda empresa, querendo ou n\u00e3o, trata dados pessoais. Toda empresa tem funcion\u00e1rios, e os dados pessoais dos pr\u00f3prios funcion\u00e1rios s\u00e3o protegidos pela lei.<\/p>\n<p>E quando falamos de todas as pessoas e empresas, s\u00e3o todas mesmo: o estacionamento que pede os dados dos consumidores; a costureira que anota informa\u00e7\u00f5es sobre medidas e encomendas dos clientes; a pessoa que revende produtos de beleza e precisa dos dados dos compradores para fazer pedidos e entregas e por a\u00ed vai.<\/p>\n<p>\u00c9 claro que as empresas s\u00e3o diferentes no que se refere a volume e uso de dados, mas \u00e9 preciso ter em mente que a lei se aplica a qualquer tipo de armazenamento (seja f\u00edsico ou digital) e a todo tipo de rela\u00e7\u00e3o comercial; ou seja, qualquer pessoa f\u00edsica ou jur\u00eddica que obtenha lucro e utilize dados que identifiquem ou permitam identificar algu\u00e9m.<\/p>\n<p><span style=\"color: #d51968;\"><strong>Muito al\u00e9m das rela\u00e7\u00f5es de consumo\u00a0<\/strong><\/span><\/p>\n<p>Enquanto pessoas jur\u00eddicas, tendemos a compreender a nova lei de prote\u00e7\u00e3o de dados como uma forma de assegurar e evitar o vazamento dos dados captados, tratados e armazenados.<\/p>\n<p>Por\u00e9m, a nova <span style=\"color: #632c4f;\">Lei Geral de Prote\u00e7\u00e3o de Dados<\/span> \u00e9 tamb\u00e9m para a pessoa f\u00edsica, no dia a dia mesmo. Ou seja; na associa\u00e7\u00e3o no clube de nata\u00e7\u00e3o, afilia\u00e7\u00e3o a um partido pol\u00edtico, a inscri\u00e7\u00e3o para receber as novidades em primeira m\u00e3o de uma loja qualquer. Isto \u00e9: a lei deve ser lida como uma forma de transformar a maneira como comunicamos os nossos dados pessoais para o mundo.<\/p>\n<p>Vale lembrando que os direitos dos titulares em rela\u00e7\u00e3o aos seus dados s\u00e3o: confirma\u00e7\u00e3o, acesso, corre\u00e7\u00e3o, anonimiza\u00e7\u00e3o, portabilidade, elimina\u00e7\u00e3o, compartilhamento, negativa de consentimento e revoga\u00e7\u00e3o de consentimento.<\/p>\n<p><span style=\"color: #d51968;\"><strong>Prote\u00e7\u00e3o de Dados\u00a0X\u00a0Prote\u00e7\u00e3o da Privacidade<\/strong><\/span><\/p>\n<p>Ao contr\u00e1rio do que muitos pensam, prote\u00e7\u00e3o de dados e prote\u00e7\u00e3o de privacidade n\u00e3o significam a mesma coisa. Afinal, ter conhecimento de dados como o nome da pessoa, por exemplo, n\u00e3o fere sua privacidade.<\/p>\n<p>Outro ponto importante \u00e9 que cada um tem uma vis\u00e3o diferente do que significa privacidade. Por isso, para analisar e entender a Lei Geral de Prote\u00e7\u00e3o de Dados, \u00e9 preciso separar esses dois conceitos e concentrar a adequa\u00e7\u00e3o na prote\u00e7\u00e3o de dados.<\/p>\n<p><em>Os 10 princ\u00edpios da Lei Geral da Prote\u00e7\u00e3o de Dados:<\/em><\/p>\n<p>I \u2013 Finalidade:\u00a0este \u00e9 o principal objetivo da lei e visa garantir que os dados sejam utilizados para a mesma finalidade pela qual foram coletados. Para mudar o objetivo do tratamento de dados, \u00e9 necess\u00e1rio ter uma nova autoriza\u00e7\u00e3o do titular ou uma base legal que autorize a troca de finalidade.<\/p>\n<p>II \u2013 Adequa\u00e7\u00e3o:\u00a0a adequa\u00e7\u00e3o \u00e9 relacionada a um dos pontos que destacamos na base legal do leg\u00edtimo interesse \u2013 os dados coletados devem estar em conformidade com a finalidade do uso.<\/p>\n<p>III \u2013 Necessidade:\u00a0os dados utilizados precisam ser importantes para a opera\u00e7\u00e3o da empresa e o tratamento deve se limitar ao cumprimento dessa(s) finalidade(s).\u00a0\u00c9 importante questionar se as informa\u00e7\u00f5es utilizadas s\u00e3o necess\u00e1rias para a execu\u00e7\u00e3o do objetivo de tratamento, bem como dispensar os dados desnecess\u00e1rios.<\/p>\n<p>IV \u2013 Livre acesso:\u00a0garante ao titular dos dados o acesso aos arquivos da empresa. Isso quer dizer que os titulares poder\u00e3o perguntar pra empresa que trata seus dados qual \u00e9 a finalidade do tratamento, com quem ela compartilhou o dado (se compartilhou) e por que, e as empresas ser\u00e3o obrigadas a esclarecerem essas informa\u00e7\u00f5es.<\/p>\n<p>V \u2013 Qualidade dos dados:\u00a0as informa\u00e7\u00f5es devem estar sempre atualizadas, n\u00e3o podem estar corrompidas e n\u00e3o podem estar incompletas. E, claro, a atualiza\u00e7\u00e3o dos dados deve estar de acordo com o cumprimento da finalidade de seu tratamento.<\/p>\n<p>VI \u2013 Transpar\u00eancia:\u00a0os titulares t\u00eam o direito de saber que a empresa realiza o tratamento de seus dados, bem como de obter informa\u00e7\u00f5es claras, precisas e facilmente acess\u00edveis a respeito.<\/p>\n<p>VII \u2013 Seguran\u00e7a:\u00a0as empresas devem tomar medidas t\u00e9cnicas e administrativas a fim de proteger os dados de invas\u00f5es, roubos, acessos sem autoriza\u00e7\u00e3o, perda, entre outros.<\/p>\n<p>VIII \u2013 Preven\u00e7\u00e3o:\u00a0\u00e9 necess\u00e1rio tomar medidas que visem prevenir danos que possam derivar do tratamento de dados. Para isso, \u00e9 preciso sempre atualizar pol\u00edticas de seguran\u00e7a e de acesso, por exemplo.<\/p>\n<p>IX \u2013 N\u00e3o discrimina\u00e7\u00e3o:\u00a0n\u00e3o \u00e9 permitido tratar dados para fins discriminat\u00f3rios. Para tratamento de dados sens\u00edveis, por exemplo, \u00e9 permitido utilizar, mas a empresa deve provar que n\u00e3o est\u00e1 fazendo discrimina\u00e7\u00e3o.<\/p>\n<p>X \u2013 Responsabiliza\u00e7\u00e3o e presta\u00e7\u00e3o de contas:\u00a0a empresa tem a responsabilidade de presta\u00e7\u00e3o de contas com os titulares e de fornecimento de relat\u00f3rios \u00e0 autoridade reguladora. Isso pode ser fiscalizado por quatro entidades: os titulares, a autoridade reguladora, o Minist\u00e9rio P\u00fablico e os \u00d3rg\u00e3os de Prote\u00e7\u00e3o ao Consumidor.<\/p>\n<p>&#8212;<\/p>\n<p>E a\u00ed, j\u00e1 se sente preparado(a) para a nova Lei?<br \/>\nAqui na Newhotel Check-In, voc\u00ea encontra sistemas j\u00e1 adequados para esta mudan\u00e7a e profissionais qualificados para lhe ajudar com poss\u00edveis d\u00favidas e dificuldades.<\/p>\n","protected":false},"excerpt":{"rendered":"<p>Um erro comum no in\u00edcio da\u00a0GDPR (a lei de prote\u00e7\u00e3o de dados europeia) e que rendeu muitas puni\u00e7\u00f5es no in\u00edcio de sua aplica\u00e7\u00e3o, foi que as pessoas e empresas n\u00e3o souberam olhar para toda a opera\u00e7\u00e3o antes de se enquadrar \u00e0 regulamenta\u00e7\u00e3o. A primeira coisa a se pensar \u00e9 que todas as empresas, de todos [&hellip;]<\/p>\n","protected":false},"author":1,"featured_media":40931,"comment_status":"open","ping_status":"open","sticky":false,"template":"","format":"standard","meta":{"content-type":"","footnotes":""},"categories":[11,61,119,103],"tags":[225],"class_list":["post-8160","post","type-post","status-publish","format-standard","has-post-thumbnail","hentry","category-dicas","category-experiencia","category-gestao-hoteleira","category-tecnologia","tag-brasildados-do-hospedeempresashospedagemhospedeinformacaoleiprotecao-de-dadostecnologia"],"yoast_head":"<!-- This site is optimized with the Yoast SEO Premium plugin v20.7 (Yoast SEO v28.1) - https:\/\/yoast.com\/product\/yoast-seo-premium-wordpress\/ -->\n<title>Como a nova lei para a prote\u00e7\u00e3o de dados afeta pessoas e empresas no Brasil - Newhotel<\/title>\n<meta name=\"description\" content=\"Um erro comum no in\u00edcio da\u00a0GDPR (a lei de prote\u00e7\u00e3o de dados europeia) e que rendeu muitas puni\u00e7\u00f5es no in\u00edcio de sua aplica\u00e7\u00e3o.\" \/>\n<meta name=\"robots\" content=\"index, follow, max-snippet:-1, max-image-preview:large, max-video-preview:-1\" \/>\n<link rel=\"canonical\" href=\"https:\/\/newhotel.com\/br\/blog\/como-a-nova-lei-para-a-protecao-de-dados-afeta-pessoas-e-empresas-no-brasil\/\" \/>\n<meta property=\"og:locale\" content=\"pt_BR\" \/>\n<meta property=\"og:type\" content=\"article\" \/>\n<meta property=\"og:title\" content=\"Como a nova lei para a prote\u00e7\u00e3o de dados afeta pessoas e empresas no Brasil\" \/>\n<meta property=\"og:description\" content=\"Um erro comum no in\u00edcio da\u00a0GDPR (a lei de prote\u00e7\u00e3o de dados europeia) e que rendeu muitas puni\u00e7\u00f5es no in\u00edcio de sua aplica\u00e7\u00e3o.\" \/>\n<meta property=\"og:url\" content=\"https:\/\/newhotel.com\/br\/blog\/como-a-nova-lei-para-a-protecao-de-dados-afeta-pessoas-e-empresas-no-brasil\/\" \/>\n<meta property=\"og:site_name\" content=\"Newhotel\" \/>\n<meta property=\"article:publisher\" content=\"https:\/\/www.facebook.com\/NewhotelSoftware\" \/>\n<meta property=\"article:published_time\" content=\"2020-02-10T16:39:55+00:00\" \/>\n<meta property=\"article:modified_time\" content=\"2023-08-18T20:08:22+00:00\" \/>\n<meta property=\"og:image\" content=\"https:\/\/newhotel.com\/wp-content\/uploads\/2020\/02\/blog-como-a-nova-lei-para-a-protecao-de-dados-afeta-pessoas-e-empresas-no-brasil.png\" \/>\n\t<meta property=\"og:image:width\" content=\"800\" \/>\n\t<meta property=\"og:image:height\" content=\"450\" \/>\n\t<meta property=\"og:image:type\" content=\"image\/png\" \/>\n<meta name=\"author\" content=\"inundaweb\" \/>\n<meta name=\"twitter:card\" content=\"summary_large_image\" \/>\n<meta name=\"twitter:label1\" content=\"Escrito por\" \/>\n\t<meta name=\"twitter:data1\" content=\"inundaweb\" \/>\n\t<meta name=\"twitter:label2\" content=\"Est. tempo de leitura\" \/>\n\t<meta name=\"twitter:data2\" content=\"5 minutos\" \/>\n<script type=\"application\/ld+json\" class=\"yoast-schema-graph\">{\"@context\":\"https:\\\/\\\/schema.org\",\"@graph\":[{\"@type\":\"Article\",\"@id\":\"https:\\\/\\\/newhotel.com\\\/br\\\/blog\\\/como-a-nova-lei-para-a-protecao-de-dados-afeta-pessoas-e-empresas-no-brasil\\\/#article\",\"isPartOf\":{\"@id\":\"https:\\\/\\\/newhotel.com\\\/br\\\/blog\\\/como-a-nova-lei-para-a-protecao-de-dados-afeta-pessoas-e-empresas-no-brasil\\\/\"},\"author\":{\"name\":\"inundaweb\",\"@id\":\"https:\\\/\\\/newhotel.com\\\/br\\\/#\\\/schema\\\/person\\\/d7f6bbfee81e00d7a3b2ecc024c506d1\"},\"headline\":\"Como a nova lei para a prote\u00e7\u00e3o de dados afeta pessoas e empresas no Brasil\",\"datePublished\":\"2020-02-10T16:39:55+00:00\",\"dateModified\":\"2023-08-18T20:08:22+00:00\",\"mainEntityOfPage\":{\"@id\":\"https:\\\/\\\/newhotel.com\\\/br\\\/blog\\\/como-a-nova-lei-para-a-protecao-de-dados-afeta-pessoas-e-empresas-no-brasil\\\/\"},\"wordCount\":951,\"commentCount\":0,\"publisher\":{\"@id\":\"https:\\\/\\\/newhotel.com\\\/br\\\/#organization\"},\"image\":{\"@id\":\"https:\\\/\\\/newhotel.com\\\/br\\\/blog\\\/como-a-nova-lei-para-a-protecao-de-dados-afeta-pessoas-e-empresas-no-brasil\\\/#primaryimage\"},\"thumbnailUrl\":\"https:\\\/\\\/newhotel.com\\\/wp-content\\\/uploads\\\/2020\\\/02\\\/blog-como-a-nova-lei-para-a-protecao-de-dados-afeta-pessoas-e-empresas-no-brasil.png\",\"keywords\":[\"brasil|dados do hospede|empresas|hospedagem|h\u00f3spede|informa\u00e7\u00e3o|lei|prote\u00e7\u00e3o de dados|tecnologia\"],\"articleSection\":[\"Dicas\",\"Experi\u00eancia\",\"Gest\u00e3o hoteleira\",\"Tecnologia\"],\"inLanguage\":\"pt-BR\",\"potentialAction\":[{\"@type\":\"CommentAction\",\"name\":\"Comment\",\"target\":[\"https:\\\/\\\/newhotel.com\\\/br\\\/blog\\\/como-a-nova-lei-para-a-protecao-de-dados-afeta-pessoas-e-empresas-no-brasil\\\/#respond\"]}]},{\"@type\":\"WebPage\",\"@id\":\"https:\\\/\\\/newhotel.com\\\/br\\\/blog\\\/como-a-nova-lei-para-a-protecao-de-dados-afeta-pessoas-e-empresas-no-brasil\\\/\",\"url\":\"https:\\\/\\\/newhotel.com\\\/br\\\/blog\\\/como-a-nova-lei-para-a-protecao-de-dados-afeta-pessoas-e-empresas-no-brasil\\\/\",\"name\":\"Como a nova lei para a prote\u00e7\u00e3o de dados afeta pessoas e empresas no Brasil - Newhotel\",\"isPartOf\":{\"@id\":\"https:\\\/\\\/newhotel.com\\\/br\\\/#website\"},\"primaryImageOfPage\":{\"@id\":\"https:\\\/\\\/newhotel.com\\\/br\\\/blog\\\/como-a-nova-lei-para-a-protecao-de-dados-afeta-pessoas-e-empresas-no-brasil\\\/#primaryimage\"},\"image\":{\"@id\":\"https:\\\/\\\/newhotel.com\\\/br\\\/blog\\\/como-a-nova-lei-para-a-protecao-de-dados-afeta-pessoas-e-empresas-no-brasil\\\/#primaryimage\"},\"thumbnailUrl\":\"https:\\\/\\\/newhotel.com\\\/wp-content\\\/uploads\\\/2020\\\/02\\\/blog-como-a-nova-lei-para-a-protecao-de-dados-afeta-pessoas-e-empresas-no-brasil.png\",\"datePublished\":\"2020-02-10T16:39:55+00:00\",\"dateModified\":\"2023-08-18T20:08:22+00:00\",\"description\":\"Um erro comum no in\u00edcio da\u00a0GDPR (a lei de prote\u00e7\u00e3o de dados europeia) e que rendeu muitas puni\u00e7\u00f5es no in\u00edcio de sua aplica\u00e7\u00e3o.\",\"breadcrumb\":{\"@id\":\"https:\\\/\\\/newhotel.com\\\/br\\\/blog\\\/como-a-nova-lei-para-a-protecao-de-dados-afeta-pessoas-e-empresas-no-brasil\\\/#breadcrumb\"},\"inLanguage\":\"pt-BR\",\"potentialAction\":[{\"@type\":\"ReadAction\",\"target\":[\"https:\\\/\\\/newhotel.com\\\/br\\\/blog\\\/como-a-nova-lei-para-a-protecao-de-dados-afeta-pessoas-e-empresas-no-brasil\\\/\"]}]},{\"@type\":\"ImageObject\",\"inLanguage\":\"pt-BR\",\"@id\":\"https:\\\/\\\/newhotel.com\\\/br\\\/blog\\\/como-a-nova-lei-para-a-protecao-de-dados-afeta-pessoas-e-empresas-no-brasil\\\/#primaryimage\",\"url\":\"https:\\\/\\\/newhotel.com\\\/wp-content\\\/uploads\\\/2020\\\/02\\\/blog-como-a-nova-lei-para-a-protecao-de-dados-afeta-pessoas-e-empresas-no-brasil.png\",\"contentUrl\":\"https:\\\/\\\/newhotel.com\\\/wp-content\\\/uploads\\\/2020\\\/02\\\/blog-como-a-nova-lei-para-a-protecao-de-dados-afeta-pessoas-e-empresas-no-brasil.png\",\"width\":800,\"height\":450},{\"@type\":\"BreadcrumbList\",\"@id\":\"https:\\\/\\\/newhotel.com\\\/br\\\/blog\\\/como-a-nova-lei-para-a-protecao-de-dados-afeta-pessoas-e-empresas-no-brasil\\\/#breadcrumb\",\"itemListElement\":[{\"@type\":\"ListItem\",\"position\":1,\"name\":\"In\u00edcio\",\"item\":\"https:\\\/\\\/newhotel.com\\\/pt\\\/\"},{\"@type\":\"ListItem\",\"position\":2,\"name\":\"Como a nova lei para a prote\u00e7\u00e3o de dados afeta pessoas e empresas no Brasil\"}]},{\"@type\":\"WebSite\",\"@id\":\"https:\\\/\\\/newhotel.com\\\/br\\\/#website\",\"url\":\"https:\\\/\\\/newhotel.com\\\/br\\\/\",\"name\":\"Newhotel\",\"description\":\"Software de Gest\u00e3o de Hot\u00e9is\",\"publisher\":{\"@id\":\"https:\\\/\\\/newhotel.com\\\/br\\\/#organization\"},\"potentialAction\":[{\"@type\":\"SearchAction\",\"target\":{\"@type\":\"EntryPoint\",\"urlTemplate\":\"https:\\\/\\\/newhotel.com\\\/br\\\/?s={search_term_string}\"},\"query-input\":{\"@type\":\"PropertyValueSpecification\",\"valueRequired\":true,\"valueName\":\"search_term_string\"}}],\"inLanguage\":\"pt-BR\"},{\"@type\":\"Organization\",\"@id\":\"https:\\\/\\\/newhotel.com\\\/br\\\/#organization\",\"name\":\"Newhotel Software\",\"alternateName\":\"Newhotel\",\"url\":\"https:\\\/\\\/newhotel.com\\\/br\\\/\",\"logo\":{\"@type\":\"ImageObject\",\"inLanguage\":\"pt-BR\",\"@id\":\"https:\\\/\\\/newhotel.com\\\/br\\\/#\\\/schema\\\/logo\\\/image\\\/\",\"url\":\"https:\\\/\\\/newhotel.com\\\/wp-content\\\/uploads\\\/2025\\\/09\\\/logo-newhotel-1.png\",\"contentUrl\":\"https:\\\/\\\/newhotel.com\\\/wp-content\\\/uploads\\\/2025\\\/09\\\/logo-newhotel-1.png\",\"width\":200,\"height\":150,\"caption\":\"Newhotel Software\"},\"image\":{\"@id\":\"https:\\\/\\\/newhotel.com\\\/br\\\/#\\\/schema\\\/logo\\\/image\\\/\"},\"sameAs\":[\"https:\\\/\\\/www.facebook.com\\\/NewhotelSoftware\",\"https:\\\/\\\/www.linkedin.com\\\/company\\\/newhotel-software\\\/\",\"https:\\\/\\\/www.instagram.com\\\/newhotelsoftware\\\/\",\"https:\\\/\\\/www.youtube.com\\\/user\\\/SoftwareNewHotel\"]},{\"@type\":\"Person\",\"@id\":\"https:\\\/\\\/newhotel.com\\\/br\\\/#\\\/schema\\\/person\\\/d7f6bbfee81e00d7a3b2ecc024c506d1\",\"name\":\"inundaweb\",\"image\":{\"@type\":\"ImageObject\",\"inLanguage\":\"pt-BR\",\"@id\":\"https:\\\/\\\/secure.gravatar.com\\\/avatar\\\/ecb3525f432cd14e5ab2462e08f917c494f57d8bd0877f8e423a631873128666?s=96&d=mm&r=g\",\"url\":\"https:\\\/\\\/secure.gravatar.com\\\/avatar\\\/ecb3525f432cd14e5ab2462e08f917c494f57d8bd0877f8e423a631873128666?s=96&d=mm&r=g\",\"contentUrl\":\"https:\\\/\\\/secure.gravatar.com\\\/avatar\\\/ecb3525f432cd14e5ab2462e08f917c494f57d8bd0877f8e423a631873128666?s=96&d=mm&r=g\",\"caption\":\"inundaweb\"}}]}<\/script>\n<!-- \/ Yoast SEO Premium plugin. -->","yoast_head_json":{"title":"Como a nova lei para a prote\u00e7\u00e3o de dados afeta pessoas e empresas no Brasil - Newhotel","description":"Um erro comum no in\u00edcio da\u00a0GDPR (a lei de prote\u00e7\u00e3o de dados europeia) e que rendeu muitas puni\u00e7\u00f5es no in\u00edcio de sua aplica\u00e7\u00e3o.","robots":{"index":"index","follow":"follow","max-snippet":"max-snippet:-1","max-image-preview":"max-image-preview:large","max-video-preview":"max-video-preview:-1"},"canonical":"https:\/\/newhotel.com\/br\/blog\/como-a-nova-lei-para-a-protecao-de-dados-afeta-pessoas-e-empresas-no-brasil\/","og_locale":"pt_BR","og_type":"article","og_title":"Como a nova lei para a prote\u00e7\u00e3o de dados afeta pessoas e empresas no Brasil","og_description":"Um erro comum no in\u00edcio da\u00a0GDPR (a lei de prote\u00e7\u00e3o de dados europeia) e que rendeu muitas puni\u00e7\u00f5es no in\u00edcio de sua aplica\u00e7\u00e3o.","og_url":"https:\/\/newhotel.com\/br\/blog\/como-a-nova-lei-para-a-protecao-de-dados-afeta-pessoas-e-empresas-no-brasil\/","og_site_name":"Newhotel","article_publisher":"https:\/\/www.facebook.com\/NewhotelSoftware","article_published_time":"2020-02-10T16:39:55+00:00","article_modified_time":"2023-08-18T20:08:22+00:00","og_image":[{"width":800,"height":450,"url":"https:\/\/newhotel.com\/wp-content\/uploads\/2020\/02\/blog-como-a-nova-lei-para-a-protecao-de-dados-afeta-pessoas-e-empresas-no-brasil.png","type":"image\/png"}],"author":"inundaweb","twitter_card":"summary_large_image","twitter_misc":{"Escrito por":"inundaweb","Est. tempo de leitura":"5 minutos"},"schema":{"@context":"https:\/\/schema.org","@graph":[{"@type":"Article","@id":"https:\/\/newhotel.com\/br\/blog\/como-a-nova-lei-para-a-protecao-de-dados-afeta-pessoas-e-empresas-no-brasil\/#article","isPartOf":{"@id":"https:\/\/newhotel.com\/br\/blog\/como-a-nova-lei-para-a-protecao-de-dados-afeta-pessoas-e-empresas-no-brasil\/"},"author":{"name":"inundaweb","@id":"https:\/\/newhotel.com\/br\/#\/schema\/person\/d7f6bbfee81e00d7a3b2ecc024c506d1"},"headline":"Como a nova lei para a prote\u00e7\u00e3o de dados afeta pessoas e empresas no Brasil","datePublished":"2020-02-10T16:39:55+00:00","dateModified":"2023-08-18T20:08:22+00:00","mainEntityOfPage":{"@id":"https:\/\/newhotel.com\/br\/blog\/como-a-nova-lei-para-a-protecao-de-dados-afeta-pessoas-e-empresas-no-brasil\/"},"wordCount":951,"commentCount":0,"publisher":{"@id":"https:\/\/newhotel.com\/br\/#organization"},"image":{"@id":"https:\/\/newhotel.com\/br\/blog\/como-a-nova-lei-para-a-protecao-de-dados-afeta-pessoas-e-empresas-no-brasil\/#primaryimage"},"thumbnailUrl":"https:\/\/newhotel.com\/wp-content\/uploads\/2020\/02\/blog-como-a-nova-lei-para-a-protecao-de-dados-afeta-pessoas-e-empresas-no-brasil.png","keywords":["brasil|dados do hospede|empresas|hospedagem|h\u00f3spede|informa\u00e7\u00e3o|lei|prote\u00e7\u00e3o de dados|tecnologia"],"articleSection":["Dicas","Experi\u00eancia","Gest\u00e3o hoteleira","Tecnologia"],"inLanguage":"pt-BR","potentialAction":[{"@type":"CommentAction","name":"Comment","target":["https:\/\/newhotel.com\/br\/blog\/como-a-nova-lei-para-a-protecao-de-dados-afeta-pessoas-e-empresas-no-brasil\/#respond"]}]},{"@type":"WebPage","@id":"https:\/\/newhotel.com\/br\/blog\/como-a-nova-lei-para-a-protecao-de-dados-afeta-pessoas-e-empresas-no-brasil\/","url":"https:\/\/newhotel.com\/br\/blog\/como-a-nova-lei-para-a-protecao-de-dados-afeta-pessoas-e-empresas-no-brasil\/","name":"Como a nova lei para a prote\u00e7\u00e3o de dados afeta pessoas e empresas no Brasil - Newhotel","isPartOf":{"@id":"https:\/\/newhotel.com\/br\/#website"},"primaryImageOfPage":{"@id":"https:\/\/newhotel.com\/br\/blog\/como-a-nova-lei-para-a-protecao-de-dados-afeta-pessoas-e-empresas-no-brasil\/#primaryimage"},"image":{"@id":"https:\/\/newhotel.com\/br\/blog\/como-a-nova-lei-para-a-protecao-de-dados-afeta-pessoas-e-empresas-no-brasil\/#primaryimage"},"thumbnailUrl":"https:\/\/newhotel.com\/wp-content\/uploads\/2020\/02\/blog-como-a-nova-lei-para-a-protecao-de-dados-afeta-pessoas-e-empresas-no-brasil.png","datePublished":"2020-02-10T16:39:55+00:00","dateModified":"2023-08-18T20:08:22+00:00","description":"Um erro comum no in\u00edcio da\u00a0GDPR (a lei de prote\u00e7\u00e3o de dados europeia) e que rendeu muitas puni\u00e7\u00f5es no in\u00edcio de sua aplica\u00e7\u00e3o.","breadcrumb":{"@id":"https:\/\/newhotel.com\/br\/blog\/como-a-nova-lei-para-a-protecao-de-dados-afeta-pessoas-e-empresas-no-brasil\/#breadcrumb"},"inLanguage":"pt-BR","potentialAction":[{"@type":"ReadAction","target":["https:\/\/newhotel.com\/br\/blog\/como-a-nova-lei-para-a-protecao-de-dados-afeta-pessoas-e-empresas-no-brasil\/"]}]},{"@type":"ImageObject","inLanguage":"pt-BR","@id":"https:\/\/newhotel.com\/br\/blog\/como-a-nova-lei-para-a-protecao-de-dados-afeta-pessoas-e-empresas-no-brasil\/#primaryimage","url":"https:\/\/newhotel.com\/wp-content\/uploads\/2020\/02\/blog-como-a-nova-lei-para-a-protecao-de-dados-afeta-pessoas-e-empresas-no-brasil.png","contentUrl":"https:\/\/newhotel.com\/wp-content\/uploads\/2020\/02\/blog-como-a-nova-lei-para-a-protecao-de-dados-afeta-pessoas-e-empresas-no-brasil.png","width":800,"height":450},{"@type":"BreadcrumbList","@id":"https:\/\/newhotel.com\/br\/blog\/como-a-nova-lei-para-a-protecao-de-dados-afeta-pessoas-e-empresas-no-brasil\/#breadcrumb","itemListElement":[{"@type":"ListItem","position":1,"name":"In\u00edcio","item":"https:\/\/newhotel.com\/pt\/"},{"@type":"ListItem","position":2,"name":"Como a nova lei para a prote\u00e7\u00e3o de dados afeta pessoas e empresas no Brasil"}]},{"@type":"WebSite","@id":"https:\/\/newhotel.com\/br\/#website","url":"https:\/\/newhotel.com\/br\/","name":"Newhotel","description":"Software de Gest\u00e3o de Hot\u00e9is","publisher":{"@id":"https:\/\/newhotel.com\/br\/#organization"},"potentialAction":[{"@type":"SearchAction","target":{"@type":"EntryPoint","urlTemplate":"https:\/\/newhotel.com\/br\/?s={search_term_string}"},"query-input":{"@type":"PropertyValueSpecification","valueRequired":true,"valueName":"search_term_string"}}],"inLanguage":"pt-BR"},{"@type":"Organization","@id":"https:\/\/newhotel.com\/br\/#organization","name":"Newhotel Software","alternateName":"Newhotel","url":"https:\/\/newhotel.com\/br\/","logo":{"@type":"ImageObject","inLanguage":"pt-BR","@id":"https:\/\/newhotel.com\/br\/#\/schema\/logo\/image\/","url":"https:\/\/newhotel.com\/wp-content\/uploads\/2025\/09\/logo-newhotel-1.png","contentUrl":"https:\/\/newhotel.com\/wp-content\/uploads\/2025\/09\/logo-newhotel-1.png","width":200,"height":150,"caption":"Newhotel Software"},"image":{"@id":"https:\/\/newhotel.com\/br\/#\/schema\/logo\/image\/"},"sameAs":["https:\/\/www.facebook.com\/NewhotelSoftware","https:\/\/www.linkedin.com\/company\/newhotel-software\/","https:\/\/www.instagram.com\/newhotelsoftware\/","https:\/\/www.youtube.com\/user\/SoftwareNewHotel"]},{"@type":"Person","@id":"https:\/\/newhotel.com\/br\/#\/schema\/person\/d7f6bbfee81e00d7a3b2ecc024c506d1","name":"inundaweb","image":{"@type":"ImageObject","inLanguage":"pt-BR","@id":"https:\/\/secure.gravatar.com\/avatar\/ecb3525f432cd14e5ab2462e08f917c494f57d8bd0877f8e423a631873128666?s=96&d=mm&r=g","url":"https:\/\/secure.gravatar.com\/avatar\/ecb3525f432cd14e5ab2462e08f917c494f57d8bd0877f8e423a631873128666?s=96&d=mm&r=g","contentUrl":"https:\/\/secure.gravatar.com\/avatar\/ecb3525f432cd14e5ab2462e08f917c494f57d8bd0877f8e423a631873128666?s=96&d=mm&r=g","caption":"inundaweb"}}]}},"_links":{"self":[{"href":"https:\/\/newhotel.com\/br\/wp-json\/wp\/v2\/posts\/8160","targetHints":{"allow":["GET"]}}],"collection":[{"href":"https:\/\/newhotel.com\/br\/wp-json\/wp\/v2\/posts"}],"about":[{"href":"https:\/\/newhotel.com\/br\/wp-json\/wp\/v2\/types\/post"}],"author":[{"embeddable":true,"href":"https:\/\/newhotel.com\/br\/wp-json\/wp\/v2\/users\/1"}],"replies":[{"embeddable":true,"href":"https:\/\/newhotel.com\/br\/wp-json\/wp\/v2\/comments?post=8160"}],"version-history":[{"count":0,"href":"https:\/\/newhotel.com\/br\/wp-json\/wp\/v2\/posts\/8160\/revisions"}],"wp:featuredmedia":[{"embeddable":true,"href":"https:\/\/newhotel.com\/br\/wp-json\/wp\/v2\/media\/40931"}],"wp:attachment":[{"href":"https:\/\/newhotel.com\/br\/wp-json\/wp\/v2\/media?parent=8160"}],"wp:term":[{"taxonomy":"category","embeddable":true,"href":"https:\/\/newhotel.com\/br\/wp-json\/wp\/v2\/categories?post=8160"},{"taxonomy":"post_tag","embeddable":true,"href":"https:\/\/newhotel.com\/br\/wp-json\/wp\/v2\/tags?post=8160"}],"curies":[{"name":"wp","href":"https:\/\/api.w.org\/{rel}","templated":true}]}}