{"id":8222,"date":"2020-09-23T14:14:16","date_gmt":"2020-09-23T17:14:16","guid":{"rendered":"https:\/\/newhotel.inundaserver.com.br\/https-newhotel-com-br-participe-da-semana-do-turismo-promovida-pelo-instituto-federal-de-sao-paulo-em-parceiria-com-a-newhotel\/"},"modified":"2023-08-18T16:56:31","modified_gmt":"2023-08-18T19:56:31","slug":"participe-da-semana-do-turismo-promovida-pelo-instituto-federal-de-sao-paulo-em-parceiria-com-a-newhotel","status":"publish","type":"post","link":"https:\/\/newhotel.com\/br\/blog\/participe-da-semana-do-turismo-promovida-pelo-instituto-federal-de-sao-paulo-em-parceiria-com-a-newhotel\/","title":{"rendered":"Participe da Semana do Turismo, promovida pelo Instituto Federal de S\u00e3o Paulo, em parceiria com a Newhotel"},"content":{"rendered":"<p>Desde o dia 21 de Setembro, o Instituto Federal de S\u00e3o Paulo, com sede em Cubat\u00e3o|SP, est\u00e1 promovendo a Semana do Turismo, atrav\u00e9s de palestras 100% online, transmitidas pelo YouTube e de forma gratuita.<\/p>\n<p>A Semana de Turismo promovida pelo IFSP C\u00e2mpus Cubat\u00e3o \u00e9 um evento em ascend\u00eancia que visa proporcionar experi\u00eancias e viv\u00eancias para os alunos do curso e outros relacionados, al\u00e9m de proporcionar um melhor entendimento do que \u00e9 Turismo e como ele atua no mercado, na economia e na sociedade.<\/p>\n<p>O evento foi organizado para tratar de assuntos chave do turismo e da atualidade, trazendo muito mais profundidade \u00e0 esses temas; al\u00e9m de criar visibilidade para o IFSP C\u00e2mpus Cubat\u00e3o atrav\u00e9s de apresenta\u00e7\u00f5es de projetos ativos dos cursos.<\/p>\n<p>Os idealizadores e participantes ir\u00e3o, ,primeiramente, apresentar e dar fundamentos do que \u00e9 turismo e como ele atua, depois, no decorrer do evento, ser\u00e1 poss\u00edvel descobrir os tipos de turismo e problematiza\u00e7\u00f5es atuais, como o envolvimento e a import\u00e2ncia das mulheres no mercado e a pol\u00edtica de regionaliza\u00e7\u00e3o do turismo no Brasil.<\/p>\n<p>Em seguida, com a &#8220;SEMATUR 2020: Redescobrindo o Brasil&#8221; os participantes ter\u00e3o a oportunidade de descobrir possibilidades para o crescimento pessoal e profissional com oficinas ligadas ao Turismo e ao mercado de trabalho.<\/p>\n<p>Mas essa semana vai muito al\u00e9m disso, afinal, a vida n\u00e3o \u00e9 feita apenas de teoria e estudos. Para descontrair, a organiza\u00e7\u00e3o ainda criou manifesta\u00e7\u00f5es de arte e cultura para o p\u00fablico, nas quais ser\u00e3o oferecidos aos grupos para que apresentarem diferentes estilos repletos de movimentos, sons e muita hist\u00f3ria. Al\u00e9m disso, tamb\u00e9m haver\u00e1 na programa\u00e7\u00e3o o Concurso de Fotografia e Show de Talentos, encarregados de despertar o esp\u00edrito competitivo, criativo e olhar cr\u00edtico.<\/p>\n<p><img fetchpriority=\"high\" decoding=\"async\" class=\"aligncenter  wp-image-2608\" src=\"https:\/\/newhotel.com.br\/wp-content\/uploads\/2020\/09\/interna-blog-11.png\" alt=\"\" width=\"653\" height=\"427\" \/><\/p>\n<div>Toda a programa\u00e7\u00e3o ser\u00e1 online.\u00a0<span style=\"color: #632c4f;\"><strong>Basta clicar no link referente ao dia da atividade<\/strong>:<\/span><\/div>\n<div>\n<div class=\"gmail_default\"><\/div>\n<div>Canal SEMATUR IFSP Cubat\u00e3o:\u00a0<a href=\"https:\/\/www.youtube.com\/channel\/UC0NoPSWZ2qARV31wQsOFhwQ?view_as=subscriber\" target=\"_blank\" rel=\"noopener noreferrer\">https:\/\/www.youtube.com\/channel\/UC0NoPSWZ2qARV31wQsOFhwQ?view_as=subscriber<\/a><\/div>\n<div><\/div>\n<div class=\"gmail_default\"><span style=\"color: #d51968;\"><strong>1\u00ba dia:<\/strong><\/span><\/div>\n<div class=\"gmail_default\"><span id=\"OBJ_PREFIX_DWT368_com_zimbra_url\" class=\"Object\"><a href=\"https:\/\/www.youtube.com\/watch?v=hnaAP1ZxVXk&amp;ab_channel=SemanadeTurismo-SEMATURIFSPCubat%C3%A3o\" target=\"_blank\" rel=\"noopener noreferrer\">https:\/\/www.youtube.com\/watch?v=hnaAP1ZxVXk&amp;ab_channel=SemanadeTurismo-SEMATURIFSPCubat%C3%A3o<\/a><\/span><\/div>\n<div><\/div>\n<div class=\"gmail_default\"><span style=\"color: #d51968;\"><strong>2\u00ba dia:<\/strong><\/span><\/div>\n<div class=\"gmail_default\"><span id=\"OBJ_PREFIX_DWT369_com_zimbra_url\" class=\"Object\"><a href=\"https:\/\/www.youtube.com\/watch?v=pgpNixcCWZ0&amp;ab_channel=SemanadeTurismo-SEMATURIFSPCubat%C3%A3o\" target=\"_blank\" rel=\"noopener noreferrer\">https:\/\/www.youtube.com\/watch?v=pgpNixcCWZ0&amp;ab_channel=SemanadeTurismo-SEMATURIFSPCubat%C3%A3o<\/a><\/span><\/div>\n<div><\/div>\n<div class=\"gmail_default\"><span style=\"color: #d51968;\"><strong>3\u00ba dia:<\/strong><\/span><\/div>\n<div class=\"gmail_default\"><span id=\"OBJ_PREFIX_DWT370_com_zimbra_url\" class=\"Object\"><a href=\"https:\/\/www.youtube.com\/watch?v=ZsU8YO6fxc0&amp;ab_channel=SemanadeTurismo-SEMATURIFSPCubat%C3%A3o\" target=\"_blank\" rel=\"noopener noreferrer\">https:\/\/www.youtube.com\/watch?v=ZsU8YO6fxc0&amp;ab_channel=SemanadeTurismo-SEMATURIFSPCubat%C3%A3o<\/a><\/span><\/div>\n<div><\/div>\n<div class=\"gmail_default\"><span style=\"color: #d51968;\"><strong>4\u00ba dia:<\/strong><\/span><\/div>\n<div class=\"gmail_default\"><span id=\"OBJ_PREFIX_DWT371_com_zimbra_url\" class=\"Object\"><a href=\"https:\/\/www.youtube.com\/watch?v=9jMSc7UZ_n8&amp;ab_channel=SemanadeTurismo-SEMATURIFSPCubat%C3%A3o\" target=\"_blank\" rel=\"noopener noreferrer\">https:\/\/www.youtube.com\/watch?v=9jMSc7UZ_n8&amp;ab_channel=SemanadeTurismo-SEMATURIFSPCubat%C3%A3o<\/a><\/span><\/div>\n<div><\/div>\n<div class=\"gmail_default\"><span style=\"color: #d51968;\"><strong>5\u00ba dia:<\/strong><\/span><\/div>\n<div class=\"gmail_default\"><span id=\"OBJ_PREFIX_DWT372_com_zimbra_url\" class=\"Object\"><a href=\"https:\/\/www.youtube.com\/watch?v=FRnc39B7lM8&amp;ab_channel=SemanadeTurismo-SEMATURIFSPCubat%C3%A3o\" target=\"_blank\" rel=\"noopener noreferrer\">https:\/\/www.youtube.com\/watch?v=FRnc39B7lM8&amp;ab_channel=SemanadeTurismo-SEMATURIFSPCubat%C3%A3o<\/a><\/span><\/div>\n<\/div>\n","protected":false},"excerpt":{"rendered":"<p>Desde o dia 21 de Setembro, o Instituto Federal de S\u00e3o Paulo, com sede em Cubat\u00e3o|SP, est\u00e1 promovendo a Semana do Turismo, atrav\u00e9s de palestras 100% online, transmitidas pelo YouTube e de forma gratuita. A Semana de Turismo promovida pelo IFSP C\u00e2mpus Cubat\u00e3o \u00e9 um evento em ascend\u00eancia que visa proporcionar experi\u00eancias e viv\u00eancias para [&hellip;]<\/p>\n","protected":false},"author":1,"featured_media":40886,"comment_status":"open","ping_status":"open","sticky":false,"template":"","format":"standard","meta":{"content-type":"","footnotes":""},"categories":[61,103],"tags":[239],"class_list":["post-8222","post","type-post","status-publish","format-standard","has-post-thumbnail","hentry","category-experiencia","category-tecnologia","tag-aulascursosensinoifspnewhotelpalestrasturismo"],"yoast_head":"<!-- This site is optimized with the Yoast SEO Premium plugin v20.7 (Yoast SEO v28.1) - https:\/\/yoast.com\/product\/yoast-seo-premium-wordpress\/ -->\n<title>Participe da Semana do Turismo, promovida pelo Instituto Federal de S\u00e3o Paulo, em parceiria com a Newhotel - Newhotel<\/title>\n<meta name=\"description\" content=\"Desde o dia 21 de Setembro, o Instituto Federal de S\u00e3o Paulo, est\u00e1 promovendo a Semana do Turismo, atrav\u00e9s de palestras 100% online.\" \/>\n<meta name=\"robots\" content=\"index, follow, max-snippet:-1, max-image-preview:large, max-video-preview:-1\" \/>\n<link rel=\"canonical\" href=\"https:\/\/newhotel.com\/br\/blog\/participe-da-semana-do-turismo-promovida-pelo-instituto-federal-de-sao-paulo-em-parceiria-com-a-newhotel\/\" \/>\n<meta property=\"og:locale\" content=\"pt_BR\" \/>\n<meta property=\"og:type\" content=\"article\" \/>\n<meta property=\"og:title\" content=\"Participe da Semana do Turismo, promovida pelo Instituto Federal de S\u00e3o Paulo, em parceiria com a Newhotel\" \/>\n<meta property=\"og:description\" content=\"Desde o dia 21 de Setembro, o Instituto Federal de S\u00e3o Paulo, est\u00e1 promovendo a Semana do Turismo, atrav\u00e9s de palestras 100% online.\" \/>\n<meta property=\"og:url\" content=\"https:\/\/newhotel.com\/br\/blog\/participe-da-semana-do-turismo-promovida-pelo-instituto-federal-de-sao-paulo-em-parceiria-com-a-newhotel\/\" \/>\n<meta property=\"og:site_name\" content=\"Newhotel\" \/>\n<meta property=\"article:publisher\" content=\"https:\/\/www.facebook.com\/NewhotelSoftware\" \/>\n<meta property=\"article:published_time\" content=\"2020-09-23T17:14:16+00:00\" \/>\n<meta property=\"article:modified_time\" content=\"2023-08-18T19:56:31+00:00\" \/>\n<meta property=\"og:image\" content=\"https:\/\/newhotel.com\/wp-content\/uploads\/2020\/09\/blog-participe-da-semana-do-turismo-promovida-pelo-instituto-federal-de-sao-paulo-em-parceiria-com-a-newhotel.png\" \/>\n\t<meta property=\"og:image:width\" content=\"800\" \/>\n\t<meta property=\"og:image:height\" content=\"450\" \/>\n\t<meta property=\"og:image:type\" content=\"image\/png\" \/>\n<meta name=\"author\" content=\"inundaweb\" \/>\n<meta name=\"twitter:card\" content=\"summary_large_image\" \/>\n<meta name=\"twitter:label1\" content=\"Escrito por\" \/>\n\t<meta name=\"twitter:data1\" content=\"inundaweb\" \/>\n\t<meta name=\"twitter:label2\" content=\"Est. tempo de leitura\" \/>\n\t<meta name=\"twitter:data2\" content=\"2 minutos\" \/>\n<script type=\"application\/ld+json\" class=\"yoast-schema-graph\">{\"@context\":\"https:\\\/\\\/schema.org\",\"@graph\":[{\"@type\":\"Article\",\"@id\":\"https:\\\/\\\/newhotel.com\\\/br\\\/blog\\\/participe-da-semana-do-turismo-promovida-pelo-instituto-federal-de-sao-paulo-em-parceiria-com-a-newhotel\\\/#article\",\"isPartOf\":{\"@id\":\"https:\\\/\\\/newhotel.com\\\/br\\\/blog\\\/participe-da-semana-do-turismo-promovida-pelo-instituto-federal-de-sao-paulo-em-parceiria-com-a-newhotel\\\/\"},\"author\":{\"name\":\"inundaweb\",\"@id\":\"https:\\\/\\\/newhotel.com\\\/br\\\/#\\\/schema\\\/person\\\/d7f6bbfee81e00d7a3b2ecc024c506d1\"},\"headline\":\"Participe da Semana do Turismo, promovida pelo Instituto Federal de S\u00e3o Paulo, em parceiria com a Newhotel\",\"datePublished\":\"2020-09-23T17:14:16+00:00\",\"dateModified\":\"2023-08-18T19:56:31+00:00\",\"mainEntityOfPage\":{\"@id\":\"https:\\\/\\\/newhotel.com\\\/br\\\/blog\\\/participe-da-semana-do-turismo-promovida-pelo-instituto-federal-de-sao-paulo-em-parceiria-com-a-newhotel\\\/\"},\"wordCount\":438,\"commentCount\":0,\"publisher\":{\"@id\":\"https:\\\/\\\/newhotel.com\\\/br\\\/#organization\"},\"image\":{\"@id\":\"https:\\\/\\\/newhotel.com\\\/br\\\/blog\\\/participe-da-semana-do-turismo-promovida-pelo-instituto-federal-de-sao-paulo-em-parceiria-com-a-newhotel\\\/#primaryimage\"},\"thumbnailUrl\":\"https:\\\/\\\/newhotel.com\\\/wp-content\\\/uploads\\\/2020\\\/09\\\/blog-participe-da-semana-do-turismo-promovida-pelo-instituto-federal-de-sao-paulo-em-parceiria-com-a-newhotel.png\",\"keywords\":[\"aulas|cursos|ensino|IFSP|newhotel|palestras|turismo\"],\"articleSection\":[\"Experi\u00eancia\",\"Tecnologia\"],\"inLanguage\":\"pt-BR\",\"potentialAction\":[{\"@type\":\"CommentAction\",\"name\":\"Comment\",\"target\":[\"https:\\\/\\\/newhotel.com\\\/br\\\/blog\\\/participe-da-semana-do-turismo-promovida-pelo-instituto-federal-de-sao-paulo-em-parceiria-com-a-newhotel\\\/#respond\"]}]},{\"@type\":\"WebPage\",\"@id\":\"https:\\\/\\\/newhotel.com\\\/br\\\/blog\\\/participe-da-semana-do-turismo-promovida-pelo-instituto-federal-de-sao-paulo-em-parceiria-com-a-newhotel\\\/\",\"url\":\"https:\\\/\\\/newhotel.com\\\/br\\\/blog\\\/participe-da-semana-do-turismo-promovida-pelo-instituto-federal-de-sao-paulo-em-parceiria-com-a-newhotel\\\/\",\"name\":\"Participe da Semana do Turismo, promovida pelo Instituto Federal de S\u00e3o Paulo, em parceiria com a Newhotel - Newhotel\",\"isPartOf\":{\"@id\":\"https:\\\/\\\/newhotel.com\\\/br\\\/#website\"},\"primaryImageOfPage\":{\"@id\":\"https:\\\/\\\/newhotel.com\\\/br\\\/blog\\\/participe-da-semana-do-turismo-promovida-pelo-instituto-federal-de-sao-paulo-em-parceiria-com-a-newhotel\\\/#primaryimage\"},\"image\":{\"@id\":\"https:\\\/\\\/newhotel.com\\\/br\\\/blog\\\/participe-da-semana-do-turismo-promovida-pelo-instituto-federal-de-sao-paulo-em-parceiria-com-a-newhotel\\\/#primaryimage\"},\"thumbnailUrl\":\"https:\\\/\\\/newhotel.com\\\/wp-content\\\/uploads\\\/2020\\\/09\\\/blog-participe-da-semana-do-turismo-promovida-pelo-instituto-federal-de-sao-paulo-em-parceiria-com-a-newhotel.png\",\"datePublished\":\"2020-09-23T17:14:16+00:00\",\"dateModified\":\"2023-08-18T19:56:31+00:00\",\"description\":\"Desde o dia 21 de Setembro, o Instituto Federal de S\u00e3o Paulo, est\u00e1 promovendo a Semana do Turismo, atrav\u00e9s de palestras 100% online.\",\"breadcrumb\":{\"@id\":\"https:\\\/\\\/newhotel.com\\\/br\\\/blog\\\/participe-da-semana-do-turismo-promovida-pelo-instituto-federal-de-sao-paulo-em-parceiria-com-a-newhotel\\\/#breadcrumb\"},\"inLanguage\":\"pt-BR\",\"potentialAction\":[{\"@type\":\"ReadAction\",\"target\":[\"https:\\\/\\\/newhotel.com\\\/br\\\/blog\\\/participe-da-semana-do-turismo-promovida-pelo-instituto-federal-de-sao-paulo-em-parceiria-com-a-newhotel\\\/\"]}]},{\"@type\":\"ImageObject\",\"inLanguage\":\"pt-BR\",\"@id\":\"https:\\\/\\\/newhotel.com\\\/br\\\/blog\\\/participe-da-semana-do-turismo-promovida-pelo-instituto-federal-de-sao-paulo-em-parceiria-com-a-newhotel\\\/#primaryimage\",\"url\":\"https:\\\/\\\/newhotel.com\\\/wp-content\\\/uploads\\\/2020\\\/09\\\/blog-participe-da-semana-do-turismo-promovida-pelo-instituto-federal-de-sao-paulo-em-parceiria-com-a-newhotel.png\",\"contentUrl\":\"https:\\\/\\\/newhotel.com\\\/wp-content\\\/uploads\\\/2020\\\/09\\\/blog-participe-da-semana-do-turismo-promovida-pelo-instituto-federal-de-sao-paulo-em-parceiria-com-a-newhotel.png\",\"width\":800,\"height\":450},{\"@type\":\"BreadcrumbList\",\"@id\":\"https:\\\/\\\/newhotel.com\\\/br\\\/blog\\\/participe-da-semana-do-turismo-promovida-pelo-instituto-federal-de-sao-paulo-em-parceiria-com-a-newhotel\\\/#breadcrumb\",\"itemListElement\":[{\"@type\":\"ListItem\",\"position\":1,\"name\":\"In\u00edcio\",\"item\":\"https:\\\/\\\/newhotel.com\\\/pt\\\/\"},{\"@type\":\"ListItem\",\"position\":2,\"name\":\"Participe da Semana do Turismo, promovida pelo Instituto Federal de S\u00e3o Paulo, em parceiria com a Newhotel\"}]},{\"@type\":\"WebSite\",\"@id\":\"https:\\\/\\\/newhotel.com\\\/br\\\/#website\",\"url\":\"https:\\\/\\\/newhotel.com\\\/br\\\/\",\"name\":\"Newhotel\",\"description\":\"Software de Gest\u00e3o de Hot\u00e9is\",\"publisher\":{\"@id\":\"https:\\\/\\\/newhotel.com\\\/br\\\/#organization\"},\"potentialAction\":[{\"@type\":\"SearchAction\",\"target\":{\"@type\":\"EntryPoint\",\"urlTemplate\":\"https:\\\/\\\/newhotel.com\\\/br\\\/?s={search_term_string}\"},\"query-input\":{\"@type\":\"PropertyValueSpecification\",\"valueRequired\":true,\"valueName\":\"search_term_string\"}}],\"inLanguage\":\"pt-BR\"},{\"@type\":\"Organization\",\"@id\":\"https:\\\/\\\/newhotel.com\\\/br\\\/#organization\",\"name\":\"Newhotel Software\",\"alternateName\":\"Newhotel\",\"url\":\"https:\\\/\\\/newhotel.com\\\/br\\\/\",\"logo\":{\"@type\":\"ImageObject\",\"inLanguage\":\"pt-BR\",\"@id\":\"https:\\\/\\\/newhotel.com\\\/br\\\/#\\\/schema\\\/logo\\\/image\\\/\",\"url\":\"https:\\\/\\\/newhotel.com\\\/wp-content\\\/uploads\\\/2025\\\/09\\\/logo-newhotel-1.png\",\"contentUrl\":\"https:\\\/\\\/newhotel.com\\\/wp-content\\\/uploads\\\/2025\\\/09\\\/logo-newhotel-1.png\",\"width\":200,\"height\":150,\"caption\":\"Newhotel Software\"},\"image\":{\"@id\":\"https:\\\/\\\/newhotel.com\\\/br\\\/#\\\/schema\\\/logo\\\/image\\\/\"},\"sameAs\":[\"https:\\\/\\\/www.facebook.com\\\/NewhotelSoftware\",\"https:\\\/\\\/www.linkedin.com\\\/company\\\/newhotel-software\\\/\",\"https:\\\/\\\/www.instagram.com\\\/newhotelsoftware\\\/\",\"https:\\\/\\\/www.youtube.com\\\/user\\\/SoftwareNewHotel\"]},{\"@type\":\"Person\",\"@id\":\"https:\\\/\\\/newhotel.com\\\/br\\\/#\\\/schema\\\/person\\\/d7f6bbfee81e00d7a3b2ecc024c506d1\",\"name\":\"inundaweb\",\"image\":{\"@type\":\"ImageObject\",\"inLanguage\":\"pt-BR\",\"@id\":\"https:\\\/\\\/secure.gravatar.com\\\/avatar\\\/ecb3525f432cd14e5ab2462e08f917c494f57d8bd0877f8e423a631873128666?s=96&d=mm&r=g\",\"url\":\"https:\\\/\\\/secure.gravatar.com\\\/avatar\\\/ecb3525f432cd14e5ab2462e08f917c494f57d8bd0877f8e423a631873128666?s=96&d=mm&r=g\",\"contentUrl\":\"https:\\\/\\\/secure.gravatar.com\\\/avatar\\\/ecb3525f432cd14e5ab2462e08f917c494f57d8bd0877f8e423a631873128666?s=96&d=mm&r=g\",\"caption\":\"inundaweb\"}}]}<\/script>\n<!-- \/ Yoast SEO Premium plugin. -->","yoast_head_json":{"title":"Participe da Semana do Turismo, promovida pelo Instituto Federal de S\u00e3o Paulo, em parceiria com a Newhotel - Newhotel","description":"Desde o dia 21 de Setembro, o Instituto Federal de S\u00e3o Paulo, est\u00e1 promovendo a Semana do Turismo, atrav\u00e9s de palestras 100% online.","robots":{"index":"index","follow":"follow","max-snippet":"max-snippet:-1","max-image-preview":"max-image-preview:large","max-video-preview":"max-video-preview:-1"},"canonical":"https:\/\/newhotel.com\/br\/blog\/participe-da-semana-do-turismo-promovida-pelo-instituto-federal-de-sao-paulo-em-parceiria-com-a-newhotel\/","og_locale":"pt_BR","og_type":"article","og_title":"Participe da Semana do Turismo, promovida pelo Instituto Federal de S\u00e3o Paulo, em parceiria com a Newhotel","og_description":"Desde o dia 21 de Setembro, o Instituto Federal de S\u00e3o Paulo, est\u00e1 promovendo a Semana do Turismo, atrav\u00e9s de palestras 100% online.","og_url":"https:\/\/newhotel.com\/br\/blog\/participe-da-semana-do-turismo-promovida-pelo-instituto-federal-de-sao-paulo-em-parceiria-com-a-newhotel\/","og_site_name":"Newhotel","article_publisher":"https:\/\/www.facebook.com\/NewhotelSoftware","article_published_time":"2020-09-23T17:14:16+00:00","article_modified_time":"2023-08-18T19:56:31+00:00","og_image":[{"width":800,"height":450,"url":"https:\/\/newhotel.com\/wp-content\/uploads\/2020\/09\/blog-participe-da-semana-do-turismo-promovida-pelo-instituto-federal-de-sao-paulo-em-parceiria-com-a-newhotel.png","type":"image\/png"}],"author":"inundaweb","twitter_card":"summary_large_image","twitter_misc":{"Escrito por":"inundaweb","Est. tempo de leitura":"2 minutos"},"schema":{"@context":"https:\/\/schema.org","@graph":[{"@type":"Article","@id":"https:\/\/newhotel.com\/br\/blog\/participe-da-semana-do-turismo-promovida-pelo-instituto-federal-de-sao-paulo-em-parceiria-com-a-newhotel\/#article","isPartOf":{"@id":"https:\/\/newhotel.com\/br\/blog\/participe-da-semana-do-turismo-promovida-pelo-instituto-federal-de-sao-paulo-em-parceiria-com-a-newhotel\/"},"author":{"name":"inundaweb","@id":"https:\/\/newhotel.com\/br\/#\/schema\/person\/d7f6bbfee81e00d7a3b2ecc024c506d1"},"headline":"Participe da Semana do Turismo, promovida pelo Instituto Federal de S\u00e3o Paulo, em parceiria com a Newhotel","datePublished":"2020-09-23T17:14:16+00:00","dateModified":"2023-08-18T19:56:31+00:00","mainEntityOfPage":{"@id":"https:\/\/newhotel.com\/br\/blog\/participe-da-semana-do-turismo-promovida-pelo-instituto-federal-de-sao-paulo-em-parceiria-com-a-newhotel\/"},"wordCount":438,"commentCount":0,"publisher":{"@id":"https:\/\/newhotel.com\/br\/#organization"},"image":{"@id":"https:\/\/newhotel.com\/br\/blog\/participe-da-semana-do-turismo-promovida-pelo-instituto-federal-de-sao-paulo-em-parceiria-com-a-newhotel\/#primaryimage"},"thumbnailUrl":"https:\/\/newhotel.com\/wp-content\/uploads\/2020\/09\/blog-participe-da-semana-do-turismo-promovida-pelo-instituto-federal-de-sao-paulo-em-parceiria-com-a-newhotel.png","keywords":["aulas|cursos|ensino|IFSP|newhotel|palestras|turismo"],"articleSection":["Experi\u00eancia","Tecnologia"],"inLanguage":"pt-BR","potentialAction":[{"@type":"CommentAction","name":"Comment","target":["https:\/\/newhotel.com\/br\/blog\/participe-da-semana-do-turismo-promovida-pelo-instituto-federal-de-sao-paulo-em-parceiria-com-a-newhotel\/#respond"]}]},{"@type":"WebPage","@id":"https:\/\/newhotel.com\/br\/blog\/participe-da-semana-do-turismo-promovida-pelo-instituto-federal-de-sao-paulo-em-parceiria-com-a-newhotel\/","url":"https:\/\/newhotel.com\/br\/blog\/participe-da-semana-do-turismo-promovida-pelo-instituto-federal-de-sao-paulo-em-parceiria-com-a-newhotel\/","name":"Participe da Semana do Turismo, promovida pelo Instituto Federal de S\u00e3o Paulo, em parceiria com a Newhotel - Newhotel","isPartOf":{"@id":"https:\/\/newhotel.com\/br\/#website"},"primaryImageOfPage":{"@id":"https:\/\/newhotel.com\/br\/blog\/participe-da-semana-do-turismo-promovida-pelo-instituto-federal-de-sao-paulo-em-parceiria-com-a-newhotel\/#primaryimage"},"image":{"@id":"https:\/\/newhotel.com\/br\/blog\/participe-da-semana-do-turismo-promovida-pelo-instituto-federal-de-sao-paulo-em-parceiria-com-a-newhotel\/#primaryimage"},"thumbnailUrl":"https:\/\/newhotel.com\/wp-content\/uploads\/2020\/09\/blog-participe-da-semana-do-turismo-promovida-pelo-instituto-federal-de-sao-paulo-em-parceiria-com-a-newhotel.png","datePublished":"2020-09-23T17:14:16+00:00","dateModified":"2023-08-18T19:56:31+00:00","description":"Desde o dia 21 de Setembro, o Instituto Federal de S\u00e3o Paulo, est\u00e1 promovendo a Semana do Turismo, atrav\u00e9s de palestras 100% online.","breadcrumb":{"@id":"https:\/\/newhotel.com\/br\/blog\/participe-da-semana-do-turismo-promovida-pelo-instituto-federal-de-sao-paulo-em-parceiria-com-a-newhotel\/#breadcrumb"},"inLanguage":"pt-BR","potentialAction":[{"@type":"ReadAction","target":["https:\/\/newhotel.com\/br\/blog\/participe-da-semana-do-turismo-promovida-pelo-instituto-federal-de-sao-paulo-em-parceiria-com-a-newhotel\/"]}]},{"@type":"ImageObject","inLanguage":"pt-BR","@id":"https:\/\/newhotel.com\/br\/blog\/participe-da-semana-do-turismo-promovida-pelo-instituto-federal-de-sao-paulo-em-parceiria-com-a-newhotel\/#primaryimage","url":"https:\/\/newhotel.com\/wp-content\/uploads\/2020\/09\/blog-participe-da-semana-do-turismo-promovida-pelo-instituto-federal-de-sao-paulo-em-parceiria-com-a-newhotel.png","contentUrl":"https:\/\/newhotel.com\/wp-content\/uploads\/2020\/09\/blog-participe-da-semana-do-turismo-promovida-pelo-instituto-federal-de-sao-paulo-em-parceiria-com-a-newhotel.png","width":800,"height":450},{"@type":"BreadcrumbList","@id":"https:\/\/newhotel.com\/br\/blog\/participe-da-semana-do-turismo-promovida-pelo-instituto-federal-de-sao-paulo-em-parceiria-com-a-newhotel\/#breadcrumb","itemListElement":[{"@type":"ListItem","position":1,"name":"In\u00edcio","item":"https:\/\/newhotel.com\/pt\/"},{"@type":"ListItem","position":2,"name":"Participe da Semana do Turismo, promovida pelo Instituto Federal de S\u00e3o Paulo, em parceiria com a Newhotel"}]},{"@type":"WebSite","@id":"https:\/\/newhotel.com\/br\/#website","url":"https:\/\/newhotel.com\/br\/","name":"Newhotel","description":"Software de Gest\u00e3o de Hot\u00e9is","publisher":{"@id":"https:\/\/newhotel.com\/br\/#organization"},"potentialAction":[{"@type":"SearchAction","target":{"@type":"EntryPoint","urlTemplate":"https:\/\/newhotel.com\/br\/?s={search_term_string}"},"query-input":{"@type":"PropertyValueSpecification","valueRequired":true,"valueName":"search_term_string"}}],"inLanguage":"pt-BR"},{"@type":"Organization","@id":"https:\/\/newhotel.com\/br\/#organization","name":"Newhotel Software","alternateName":"Newhotel","url":"https:\/\/newhotel.com\/br\/","logo":{"@type":"ImageObject","inLanguage":"pt-BR","@id":"https:\/\/newhotel.com\/br\/#\/schema\/logo\/image\/","url":"https:\/\/newhotel.com\/wp-content\/uploads\/2025\/09\/logo-newhotel-1.png","contentUrl":"https:\/\/newhotel.com\/wp-content\/uploads\/2025\/09\/logo-newhotel-1.png","width":200,"height":150,"caption":"Newhotel Software"},"image":{"@id":"https:\/\/newhotel.com\/br\/#\/schema\/logo\/image\/"},"sameAs":["https:\/\/www.facebook.com\/NewhotelSoftware","https:\/\/www.linkedin.com\/company\/newhotel-software\/","https:\/\/www.instagram.com\/newhotelsoftware\/","https:\/\/www.youtube.com\/user\/SoftwareNewHotel"]},{"@type":"Person","@id":"https:\/\/newhotel.com\/br\/#\/schema\/person\/d7f6bbfee81e00d7a3b2ecc024c506d1","name":"inundaweb","image":{"@type":"ImageObject","inLanguage":"pt-BR","@id":"https:\/\/secure.gravatar.com\/avatar\/ecb3525f432cd14e5ab2462e08f917c494f57d8bd0877f8e423a631873128666?s=96&d=mm&r=g","url":"https:\/\/secure.gravatar.com\/avatar\/ecb3525f432cd14e5ab2462e08f917c494f57d8bd0877f8e423a631873128666?s=96&d=mm&r=g","contentUrl":"https:\/\/secure.gravatar.com\/avatar\/ecb3525f432cd14e5ab2462e08f917c494f57d8bd0877f8e423a631873128666?s=96&d=mm&r=g","caption":"inundaweb"}}]}},"_links":{"self":[{"href":"https:\/\/newhotel.com\/br\/wp-json\/wp\/v2\/posts\/8222","targetHints":{"allow":["GET"]}}],"collection":[{"href":"https:\/\/newhotel.com\/br\/wp-json\/wp\/v2\/posts"}],"about":[{"href":"https:\/\/newhotel.com\/br\/wp-json\/wp\/v2\/types\/post"}],"author":[{"embeddable":true,"href":"https:\/\/newhotel.com\/br\/wp-json\/wp\/v2\/users\/1"}],"replies":[{"embeddable":true,"href":"https:\/\/newhotel.com\/br\/wp-json\/wp\/v2\/comments?post=8222"}],"version-history":[{"count":0,"href":"https:\/\/newhotel.com\/br\/wp-json\/wp\/v2\/posts\/8222\/revisions"}],"wp:featuredmedia":[{"embeddable":true,"href":"https:\/\/newhotel.com\/br\/wp-json\/wp\/v2\/media\/40886"}],"wp:attachment":[{"href":"https:\/\/newhotel.com\/br\/wp-json\/wp\/v2\/media?parent=8222"}],"wp:term":[{"taxonomy":"category","embeddable":true,"href":"https:\/\/newhotel.com\/br\/wp-json\/wp\/v2\/categories?post=8222"},{"taxonomy":"post_tag","embeddable":true,"href":"https:\/\/newhotel.com\/br\/wp-json\/wp\/v2\/tags?post=8222"}],"curies":[{"name":"wp","href":"https:\/\/api.w.org\/{rel}","templated":true}]}}