{"id":53170,"date":"2024-01-31T07:39:00","date_gmt":"2024-01-31T10:39:00","guid":{"rendered":"https:\/\/newsite.newhotel.com\/?p=53170"},"modified":"2024-05-24T07:41:06","modified_gmt":"2024-05-24T10:41:06","slug":"congreso-nacional-de-hoteleria-y-turismo","status":"publish","type":"post","link":"https:\/\/newhotel.com\/es\/blog\/congreso-nacional-de-hoteleria-y-turismo\/","title":{"rendered":"Congreso Nacional de Hoteler\u00eda y Turismo"},"content":{"rendered":"\n<p class=\"wp-block-paragraph\"><strong>Newhotel Software<\/strong>&nbsp;estar\u00e1 presente en el&nbsp;<a href=\"https:\/\/congresso.hoteis-portugal.pt\/\" target=\"_blank\" rel=\"noreferrer noopener\">Congreso Nacional de Hoteler\u00eda y Turismo<\/a>&nbsp;de la Asociaci\u00f3n de la Hoteler\u00eda de Portugal (AHP), que se llevar\u00e1 a cabo en Funchal, Isla de Madeira, Portugal del 21 al 23 de Febrero.<\/p>\n\n\n\n<p class=\"wp-block-paragraph\">El tema del Congreso es \u00abHorizonte 2030\u00bb, que se centra en la sostenibilidad del negocio tur\u00edstico-hotelero, mostrando los desaf\u00edos que enfrentar\u00e1n las empresas y c\u00f3mo pueden contribuir de manera positiva a la transformaci\u00f3n de un futuro m\u00e1s sostenible.&nbsp;<strong><a href=\"https:\/\/congresso.hoteis-portugal.pt\/programa-do-evento\">Puede consultar el programa del Congreso aqu\u00ed.<\/a><\/strong><\/p>\n\n\n\n<p class=\"wp-block-paragraph\">Newhotel ser\u00e1 uno de los expositores en el evento, demostrando que tambi\u00e9n estamos comprometidos a contribuir a un futuro m\u00e1s sostenible en la industria hotelera a trav\u00e9s de nuestras soluciones en la nube.<br><strong><a href=\"https:\/\/app.beamian.com\/34-congresso-nacional-da-hotelaria-e-turismo\/new-visitor\">Todav\u00eda es posible registrarse para el evento hasta el 9 de febrero.<\/a><\/strong><\/p>\n\n\n\n<p class=\"wp-block-paragraph\">Viaje a Madeira y descubra c\u00f3mo ser\u00e1 el futuro de la hoteler\u00eda en Portugal.<\/p>\n","protected":false},"excerpt":{"rendered":"<p>Newhotel Software&nbsp;estar\u00e1 presente en el&nbsp;Congreso Nacional de Hoteler\u00eda y Turismo&nbsp;de la Asociaci\u00f3n de la Hoteler\u00eda de Portugal (AHP), que se llevar\u00e1 a cabo en Funchal, Isla de Madeira, Portugal del 21 al 23 de Febrero. El tema del Congreso es \u00abHorizonte 2030\u00bb, que se centra en la sostenibilidad del negocio tur\u00edstico-hotelero, mostrando los desaf\u00edos que [&hellip;]<\/p>\n","protected":false},"author":7,"featured_media":52901,"comment_status":"open","ping_status":"open","sticky":false,"template":"","format":"standard","meta":{"content-type":"","footnotes":""},"categories":[576],"tags":[],"class_list":["post-53170","post","type-post","status-publish","format-standard","has-post-thumbnail","hentry","category-eventos-es"],"yoast_head":"<!-- This site is optimized with the Yoast SEO Premium plugin v20.7 (Yoast SEO v28.1) - https:\/\/yoast.com\/product\/yoast-seo-premium-wordpress\/ -->\n<title>Congreso Nacional de Hoteler\u00eda y Turismo - Newhotel<\/title>\n<meta name=\"description\" content=\"Newhotel Software\u00a0estar\u00e1 presente en el\u00a0Congreso Nacional de Hoteler\u00eda y Turismo\u00a0de la Asociaci\u00f3n de la Hoteler\u00eda de Portugal.\" \/>\n<meta name=\"robots\" content=\"index, follow, max-snippet:-1, max-image-preview:large, max-video-preview:-1\" \/>\n<link rel=\"canonical\" href=\"https:\/\/newhotel.com\/es\/blog\/congreso-nacional-de-hoteleria-y-turismo\/\" \/>\n<meta property=\"og:locale\" content=\"es_ES\" \/>\n<meta property=\"og:type\" content=\"article\" \/>\n<meta property=\"og:title\" content=\"Congreso Nacional de Hoteler\u00eda y Turismo\" \/>\n<meta property=\"og:description\" content=\"Newhotel Software\u00a0estar\u00e1 presente en el\u00a0Congreso Nacional de Hoteler\u00eda y Turismo\u00a0de la Asociaci\u00f3n de la Hoteler\u00eda de Portugal.\" \/>\n<meta property=\"og:url\" content=\"https:\/\/newhotel.com\/es\/blog\/congreso-nacional-de-hoteleria-y-turismo\/\" \/>\n<meta property=\"og:site_name\" content=\"Newhotel\" \/>\n<meta property=\"article:publisher\" content=\"https:\/\/www.facebook.com\/NewhotelSoftware\" \/>\n<meta property=\"article:published_time\" content=\"2024-01-31T10:39:00+00:00\" \/>\n<meta property=\"article:modified_time\" content=\"2024-05-24T10:41:06+00:00\" \/>\n<meta property=\"og:image\" content=\"https:\/\/newhotel.com\/wp-content\/uploads\/2024\/05\/noticia-newhotel-congresso-nacional-hotelaria.jpg\" \/>\n\t<meta property=\"og:image:width\" content=\"600\" \/>\n\t<meta property=\"og:image:height\" content=\"300\" \/>\n\t<meta property=\"og:image:type\" content=\"image\/jpeg\" \/>\n<meta name=\"author\" content=\"NewHotel\" \/>\n<meta name=\"twitter:card\" content=\"summary_large_image\" \/>\n<meta name=\"twitter:label1\" content=\"Escrito por\" \/>\n\t<meta name=\"twitter:data1\" content=\"NewHotel\" \/>\n\t<meta name=\"twitter:label2\" content=\"Tiempo de lectura\" \/>\n\t<meta name=\"twitter:data2\" content=\"1 minuto\" \/>\n<script type=\"application\/ld+json\" class=\"yoast-schema-graph\">{\"@context\":\"https:\\\/\\\/schema.org\",\"@graph\":[{\"@type\":\"Article\",\"@id\":\"https:\\\/\\\/newhotel.com\\\/es\\\/blog\\\/congreso-nacional-de-hoteleria-y-turismo\\\/#article\",\"isPartOf\":{\"@id\":\"https:\\\/\\\/newhotel.com\\\/es\\\/blog\\\/congreso-nacional-de-hoteleria-y-turismo\\\/\"},\"author\":{\"name\":\"NewHotel\",\"@id\":\"https:\\\/\\\/newhotel.com\\\/br\\\/#\\\/schema\\\/person\\\/93ab21fb54694f5264a6289f914a117d\"},\"headline\":\"Congreso Nacional de Hoteler\u00eda y Turismo\",\"datePublished\":\"2024-01-31T10:39:00+00:00\",\"dateModified\":\"2024-05-24T10:41:06+00:00\",\"mainEntityOfPage\":{\"@id\":\"https:\\\/\\\/newhotel.com\\\/es\\\/blog\\\/congreso-nacional-de-hoteleria-y-turismo\\\/\"},\"wordCount\":164,\"commentCount\":0,\"publisher\":{\"@id\":\"https:\\\/\\\/newhotel.com\\\/br\\\/#organization\"},\"image\":{\"@id\":\"https:\\\/\\\/newhotel.com\\\/es\\\/blog\\\/congreso-nacional-de-hoteleria-y-turismo\\\/#primaryimage\"},\"thumbnailUrl\":\"https:\\\/\\\/newhotel.com\\\/wp-content\\\/uploads\\\/2024\\\/05\\\/noticia-newhotel-congresso-nacional-hotelaria.jpg\",\"articleSection\":[\"Eventos\"],\"inLanguage\":\"es\",\"potentialAction\":[{\"@type\":\"CommentAction\",\"name\":\"Comment\",\"target\":[\"https:\\\/\\\/newhotel.com\\\/es\\\/blog\\\/congreso-nacional-de-hoteleria-y-turismo\\\/#respond\"]}]},{\"@type\":\"WebPage\",\"@id\":\"https:\\\/\\\/newhotel.com\\\/es\\\/blog\\\/congreso-nacional-de-hoteleria-y-turismo\\\/\",\"url\":\"https:\\\/\\\/newhotel.com\\\/es\\\/blog\\\/congreso-nacional-de-hoteleria-y-turismo\\\/\",\"name\":\"Congreso Nacional de Hoteler\u00eda y Turismo - Newhotel\",\"isPartOf\":{\"@id\":\"https:\\\/\\\/newhotel.com\\\/br\\\/#website\"},\"primaryImageOfPage\":{\"@id\":\"https:\\\/\\\/newhotel.com\\\/es\\\/blog\\\/congreso-nacional-de-hoteleria-y-turismo\\\/#primaryimage\"},\"image\":{\"@id\":\"https:\\\/\\\/newhotel.com\\\/es\\\/blog\\\/congreso-nacional-de-hoteleria-y-turismo\\\/#primaryimage\"},\"thumbnailUrl\":\"https:\\\/\\\/newhotel.com\\\/wp-content\\\/uploads\\\/2024\\\/05\\\/noticia-newhotel-congresso-nacional-hotelaria.jpg\",\"datePublished\":\"2024-01-31T10:39:00+00:00\",\"dateModified\":\"2024-05-24T10:41:06+00:00\",\"description\":\"Newhotel Software\u00a0estar\u00e1 presente en el\u00a0Congreso Nacional de Hoteler\u00eda y Turismo\u00a0de la Asociaci\u00f3n de la Hoteler\u00eda de Portugal.\",\"breadcrumb\":{\"@id\":\"https:\\\/\\\/newhotel.com\\\/es\\\/blog\\\/congreso-nacional-de-hoteleria-y-turismo\\\/#breadcrumb\"},\"inLanguage\":\"es\",\"potentialAction\":[{\"@type\":\"ReadAction\",\"target\":[\"https:\\\/\\\/newhotel.com\\\/es\\\/blog\\\/congreso-nacional-de-hoteleria-y-turismo\\\/\"]}]},{\"@type\":\"ImageObject\",\"inLanguage\":\"es\",\"@id\":\"https:\\\/\\\/newhotel.com\\\/es\\\/blog\\\/congreso-nacional-de-hoteleria-y-turismo\\\/#primaryimage\",\"url\":\"https:\\\/\\\/newhotel.com\\\/wp-content\\\/uploads\\\/2024\\\/05\\\/noticia-newhotel-congresso-nacional-hotelaria.jpg\",\"contentUrl\":\"https:\\\/\\\/newhotel.com\\\/wp-content\\\/uploads\\\/2024\\\/05\\\/noticia-newhotel-congresso-nacional-hotelaria.jpg\",\"width\":600,\"height\":300,\"caption\":\"congresso nacional hotelaria turismo portugal\"},{\"@type\":\"BreadcrumbList\",\"@id\":\"https:\\\/\\\/newhotel.com\\\/es\\\/blog\\\/congreso-nacional-de-hoteleria-y-turismo\\\/#breadcrumb\",\"itemListElement\":[{\"@type\":\"ListItem\",\"position\":1,\"name\":\"In\u00edcio\",\"item\":\"https:\\\/\\\/newhotel.com\\\/pt\\\/\"},{\"@type\":\"ListItem\",\"position\":2,\"name\":\"Congreso Nacional de Hoteler\u00eda y Turismo\"}]},{\"@type\":\"WebSite\",\"@id\":\"https:\\\/\\\/newhotel.com\\\/br\\\/#website\",\"url\":\"https:\\\/\\\/newhotel.com\\\/br\\\/\",\"name\":\"Newhotel\",\"description\":\"Software de Gest\u00e3o de Hot\u00e9is\",\"publisher\":{\"@id\":\"https:\\\/\\\/newhotel.com\\\/br\\\/#organization\"},\"potentialAction\":[{\"@type\":\"SearchAction\",\"target\":{\"@type\":\"EntryPoint\",\"urlTemplate\":\"https:\\\/\\\/newhotel.com\\\/br\\\/?s={search_term_string}\"},\"query-input\":{\"@type\":\"PropertyValueSpecification\",\"valueRequired\":true,\"valueName\":\"search_term_string\"}}],\"inLanguage\":\"es\"},{\"@type\":\"Organization\",\"@id\":\"https:\\\/\\\/newhotel.com\\\/br\\\/#organization\",\"name\":\"Newhotel Software\",\"alternateName\":\"Newhotel\",\"url\":\"https:\\\/\\\/newhotel.com\\\/br\\\/\",\"logo\":{\"@type\":\"ImageObject\",\"inLanguage\":\"es\",\"@id\":\"https:\\\/\\\/newhotel.com\\\/br\\\/#\\\/schema\\\/logo\\\/image\\\/\",\"url\":\"https:\\\/\\\/newhotel.com\\\/wp-content\\\/uploads\\\/2025\\\/09\\\/logo-newhotel-1.png\",\"contentUrl\":\"https:\\\/\\\/newhotel.com\\\/wp-content\\\/uploads\\\/2025\\\/09\\\/logo-newhotel-1.png\",\"width\":200,\"height\":150,\"caption\":\"Newhotel Software\"},\"image\":{\"@id\":\"https:\\\/\\\/newhotel.com\\\/br\\\/#\\\/schema\\\/logo\\\/image\\\/\"},\"sameAs\":[\"https:\\\/\\\/www.facebook.com\\\/NewhotelSoftware\",\"https:\\\/\\\/www.linkedin.com\\\/company\\\/newhotel-software\\\/\",\"https:\\\/\\\/www.instagram.com\\\/newhotelsoftware\\\/\",\"https:\\\/\\\/www.youtube.com\\\/user\\\/SoftwareNewHotel\"]},{\"@type\":\"Person\",\"@id\":\"https:\\\/\\\/newhotel.com\\\/br\\\/#\\\/schema\\\/person\\\/93ab21fb54694f5264a6289f914a117d\",\"name\":\"NewHotel\",\"image\":{\"@type\":\"ImageObject\",\"inLanguage\":\"es\",\"@id\":\"https:\\\/\\\/secure.gravatar.com\\\/avatar\\\/ff390cffde712a36df896fe75ea56d7b4345409f04bfabac76cdd7f0ca5c39b7?s=96&d=mm&r=g\",\"url\":\"https:\\\/\\\/secure.gravatar.com\\\/avatar\\\/ff390cffde712a36df896fe75ea56d7b4345409f04bfabac76cdd7f0ca5c39b7?s=96&d=mm&r=g\",\"contentUrl\":\"https:\\\/\\\/secure.gravatar.com\\\/avatar\\\/ff390cffde712a36df896fe75ea56d7b4345409f04bfabac76cdd7f0ca5c39b7?s=96&d=mm&r=g\",\"caption\":\"NewHotel\"}}]}<\/script>\n<!-- \/ Yoast SEO Premium plugin. -->","yoast_head_json":{"title":"Congreso Nacional de Hoteler\u00eda y Turismo - Newhotel","description":"Newhotel Software\u00a0estar\u00e1 presente en el\u00a0Congreso Nacional de Hoteler\u00eda y Turismo\u00a0de la Asociaci\u00f3n de la Hoteler\u00eda de Portugal.","robots":{"index":"index","follow":"follow","max-snippet":"max-snippet:-1","max-image-preview":"max-image-preview:large","max-video-preview":"max-video-preview:-1"},"canonical":"https:\/\/newhotel.com\/es\/blog\/congreso-nacional-de-hoteleria-y-turismo\/","og_locale":"es_ES","og_type":"article","og_title":"Congreso Nacional de Hoteler\u00eda y Turismo","og_description":"Newhotel Software\u00a0estar\u00e1 presente en el\u00a0Congreso Nacional de Hoteler\u00eda y Turismo\u00a0de la Asociaci\u00f3n de la Hoteler\u00eda de Portugal.","og_url":"https:\/\/newhotel.com\/es\/blog\/congreso-nacional-de-hoteleria-y-turismo\/","og_site_name":"Newhotel","article_publisher":"https:\/\/www.facebook.com\/NewhotelSoftware","article_published_time":"2024-01-31T10:39:00+00:00","article_modified_time":"2024-05-24T10:41:06+00:00","og_image":[{"width":600,"height":300,"url":"https:\/\/newhotel.com\/wp-content\/uploads\/2024\/05\/noticia-newhotel-congresso-nacional-hotelaria.jpg","type":"image\/jpeg"}],"author":"NewHotel","twitter_card":"summary_large_image","twitter_misc":{"Escrito por":"NewHotel","Tiempo de lectura":"1 minuto"},"schema":{"@context":"https:\/\/schema.org","@graph":[{"@type":"Article","@id":"https:\/\/newhotel.com\/es\/blog\/congreso-nacional-de-hoteleria-y-turismo\/#article","isPartOf":{"@id":"https:\/\/newhotel.com\/es\/blog\/congreso-nacional-de-hoteleria-y-turismo\/"},"author":{"name":"NewHotel","@id":"https:\/\/newhotel.com\/br\/#\/schema\/person\/93ab21fb54694f5264a6289f914a117d"},"headline":"Congreso Nacional de Hoteler\u00eda y Turismo","datePublished":"2024-01-31T10:39:00+00:00","dateModified":"2024-05-24T10:41:06+00:00","mainEntityOfPage":{"@id":"https:\/\/newhotel.com\/es\/blog\/congreso-nacional-de-hoteleria-y-turismo\/"},"wordCount":164,"commentCount":0,"publisher":{"@id":"https:\/\/newhotel.com\/br\/#organization"},"image":{"@id":"https:\/\/newhotel.com\/es\/blog\/congreso-nacional-de-hoteleria-y-turismo\/#primaryimage"},"thumbnailUrl":"https:\/\/newhotel.com\/wp-content\/uploads\/2024\/05\/noticia-newhotel-congresso-nacional-hotelaria.jpg","articleSection":["Eventos"],"inLanguage":"es","potentialAction":[{"@type":"CommentAction","name":"Comment","target":["https:\/\/newhotel.com\/es\/blog\/congreso-nacional-de-hoteleria-y-turismo\/#respond"]}]},{"@type":"WebPage","@id":"https:\/\/newhotel.com\/es\/blog\/congreso-nacional-de-hoteleria-y-turismo\/","url":"https:\/\/newhotel.com\/es\/blog\/congreso-nacional-de-hoteleria-y-turismo\/","name":"Congreso Nacional de Hoteler\u00eda y Turismo - Newhotel","isPartOf":{"@id":"https:\/\/newhotel.com\/br\/#website"},"primaryImageOfPage":{"@id":"https:\/\/newhotel.com\/es\/blog\/congreso-nacional-de-hoteleria-y-turismo\/#primaryimage"},"image":{"@id":"https:\/\/newhotel.com\/es\/blog\/congreso-nacional-de-hoteleria-y-turismo\/#primaryimage"},"thumbnailUrl":"https:\/\/newhotel.com\/wp-content\/uploads\/2024\/05\/noticia-newhotel-congresso-nacional-hotelaria.jpg","datePublished":"2024-01-31T10:39:00+00:00","dateModified":"2024-05-24T10:41:06+00:00","description":"Newhotel Software\u00a0estar\u00e1 presente en el\u00a0Congreso Nacional de Hoteler\u00eda y Turismo\u00a0de la Asociaci\u00f3n de la Hoteler\u00eda de Portugal.","breadcrumb":{"@id":"https:\/\/newhotel.com\/es\/blog\/congreso-nacional-de-hoteleria-y-turismo\/#breadcrumb"},"inLanguage":"es","potentialAction":[{"@type":"ReadAction","target":["https:\/\/newhotel.com\/es\/blog\/congreso-nacional-de-hoteleria-y-turismo\/"]}]},{"@type":"ImageObject","inLanguage":"es","@id":"https:\/\/newhotel.com\/es\/blog\/congreso-nacional-de-hoteleria-y-turismo\/#primaryimage","url":"https:\/\/newhotel.com\/wp-content\/uploads\/2024\/05\/noticia-newhotel-congresso-nacional-hotelaria.jpg","contentUrl":"https:\/\/newhotel.com\/wp-content\/uploads\/2024\/05\/noticia-newhotel-congresso-nacional-hotelaria.jpg","width":600,"height":300,"caption":"congresso nacional hotelaria turismo portugal"},{"@type":"BreadcrumbList","@id":"https:\/\/newhotel.com\/es\/blog\/congreso-nacional-de-hoteleria-y-turismo\/#breadcrumb","itemListElement":[{"@type":"ListItem","position":1,"name":"In\u00edcio","item":"https:\/\/newhotel.com\/pt\/"},{"@type":"ListItem","position":2,"name":"Congreso Nacional de Hoteler\u00eda y Turismo"}]},{"@type":"WebSite","@id":"https:\/\/newhotel.com\/br\/#website","url":"https:\/\/newhotel.com\/br\/","name":"Newhotel","description":"Software de Gest\u00e3o de Hot\u00e9is","publisher":{"@id":"https:\/\/newhotel.com\/br\/#organization"},"potentialAction":[{"@type":"SearchAction","target":{"@type":"EntryPoint","urlTemplate":"https:\/\/newhotel.com\/br\/?s={search_term_string}"},"query-input":{"@type":"PropertyValueSpecification","valueRequired":true,"valueName":"search_term_string"}}],"inLanguage":"es"},{"@type":"Organization","@id":"https:\/\/newhotel.com\/br\/#organization","name":"Newhotel Software","alternateName":"Newhotel","url":"https:\/\/newhotel.com\/br\/","logo":{"@type":"ImageObject","inLanguage":"es","@id":"https:\/\/newhotel.com\/br\/#\/schema\/logo\/image\/","url":"https:\/\/newhotel.com\/wp-content\/uploads\/2025\/09\/logo-newhotel-1.png","contentUrl":"https:\/\/newhotel.com\/wp-content\/uploads\/2025\/09\/logo-newhotel-1.png","width":200,"height":150,"caption":"Newhotel Software"},"image":{"@id":"https:\/\/newhotel.com\/br\/#\/schema\/logo\/image\/"},"sameAs":["https:\/\/www.facebook.com\/NewhotelSoftware","https:\/\/www.linkedin.com\/company\/newhotel-software\/","https:\/\/www.instagram.com\/newhotelsoftware\/","https:\/\/www.youtube.com\/user\/SoftwareNewHotel"]},{"@type":"Person","@id":"https:\/\/newhotel.com\/br\/#\/schema\/person\/93ab21fb54694f5264a6289f914a117d","name":"NewHotel","image":{"@type":"ImageObject","inLanguage":"es","@id":"https:\/\/secure.gravatar.com\/avatar\/ff390cffde712a36df896fe75ea56d7b4345409f04bfabac76cdd7f0ca5c39b7?s=96&d=mm&r=g","url":"https:\/\/secure.gravatar.com\/avatar\/ff390cffde712a36df896fe75ea56d7b4345409f04bfabac76cdd7f0ca5c39b7?s=96&d=mm&r=g","contentUrl":"https:\/\/secure.gravatar.com\/avatar\/ff390cffde712a36df896fe75ea56d7b4345409f04bfabac76cdd7f0ca5c39b7?s=96&d=mm&r=g","caption":"NewHotel"}}]}},"_links":{"self":[{"href":"https:\/\/newhotel.com\/es\/wp-json\/wp\/v2\/posts\/53170","targetHints":{"allow":["GET"]}}],"collection":[{"href":"https:\/\/newhotel.com\/es\/wp-json\/wp\/v2\/posts"}],"about":[{"href":"https:\/\/newhotel.com\/es\/wp-json\/wp\/v2\/types\/post"}],"author":[{"embeddable":true,"href":"https:\/\/newhotel.com\/es\/wp-json\/wp\/v2\/users\/7"}],"replies":[{"embeddable":true,"href":"https:\/\/newhotel.com\/es\/wp-json\/wp\/v2\/comments?post=53170"}],"version-history":[{"count":0,"href":"https:\/\/newhotel.com\/es\/wp-json\/wp\/v2\/posts\/53170\/revisions"}],"wp:featuredmedia":[{"embeddable":true,"href":"https:\/\/newhotel.com\/es\/wp-json\/wp\/v2\/media\/52901"}],"wp:attachment":[{"href":"https:\/\/newhotel.com\/es\/wp-json\/wp\/v2\/media?parent=53170"}],"wp:term":[{"taxonomy":"category","embeddable":true,"href":"https:\/\/newhotel.com\/es\/wp-json\/wp\/v2\/categories?post=53170"},{"taxonomy":"post_tag","embeddable":true,"href":"https:\/\/newhotel.com\/es\/wp-json\/wp\/v2\/tags?post=53170"}],"curies":[{"name":"wp","href":"https:\/\/api.w.org\/{rel}","templated":true}]}}