{"id":7145,"date":"2016-11-02T10:09:46","date_gmt":"2016-11-02T12:09:46","guid":{"rendered":"https:\/\/newhotel.inundaserver.com.br\/presidente-de-la-republica-en-cuba\/"},"modified":"2023-08-21T10:31:51","modified_gmt":"2023-08-21T13:31:51","slug":"presidente-de-la-republica-en-cuba","status":"publish","type":"post","link":"https:\/\/newhotel.com\/es\/blog\/presidente-de-la-republica-en-cuba\/","title":{"rendered":"Presidente de la Rep\u00fablica en Cuba"},"content":{"rendered":"<p><img fetchpriority=\"high\" decoding=\"async\" style=\"border: 20px solid #ffffff;\" src=\"https:\/\/www.newhotel.com\/Images\/InfoShots\/Havana 20161027_600x200.png\" alt=\"CubaPresidente\" width=\"598\" height=\"200\" align=\"left\" \/> El <strong>Presidente de la Rep\u00fablica Portuguesa<\/strong>, el profesor <strong>Marcelo Rebelo de Sousa<\/strong>, en visita de Estado a Cuba inaugur\u00f3 en La Habana el 1er Foro Empresarial de Portugal &#8211; Cuba.<\/p>\n<p>En una ceremonia en la embajada de Portugal, que tuvieron como invitados los embajadores de los pa\u00edses de habla portuguesa se pusieron de relieve las relaciones hist\u00f3ricas entre Portugal y Cuba. El Brasil tambi\u00e9n fue mencionada por el Historiador de La Habana, Eusebio Leal, que se sabe que Don Pedro, emperador de Brasil lleg\u00f3 a sido propuesto en 1981 el t\u00edtulo de emperador de Iberia, un vasto imperio que se extender\u00eda desde Cuba, a trav\u00e9s de Brasil, Portugal, Espa\u00f1a, el continente africano en las colonias de Angola, Mozambique y Santo Tom\u00e9 y Pr\u00edncipe, y alcanzando el lejano oriente en Macao y Filipinas.<\/p>\n<p>La apertura econ\u00f3mica reciente de Cuba esta a despertar el inter\u00e9s de muchos empresarios. En particular, en el sector del turismo, que en 2016 registr\u00f3 un <strong>crecimiento del 17%<\/strong> en el n\u00famero de turistas con respecto al a\u00f1o anterior.<\/p>\n<p>Adem\u00e1s de una delegaci\u00f3n de 20 empresarios portugueses la ceremonia cont\u00f3 con la participaci\u00f3n de delegados de otros pa\u00edses de habla portuguesa, entre ellos un funcionario de Odebrecht, una empresa brasile\u00f1a con una inversi\u00f3n de 957 millones de d\u00f3lares actuales en Cuba.<\/p>\n<p><strong>Newhotel Software, 20 a\u00f1os presente en Cuba<\/strong> con los sistemas de informaci\u00f3n de gesti\u00f3n de los lugares emblem\u00e1ticos de lo Turismo de Cuba como el famoso Cabaret Tropicana, la Bodeguita del Medio, el Floridita y el Golf Varadero Internacional, fue una de las empresas portuguesas invitadas y presentes en esta hist\u00f3rica visita &#8211; la primera de un jefe de Estado portugu\u00e9s a Cuba.<\/p>\n","protected":false},"excerpt":{"rendered":"<p>con empresas y embajadores de Portugal, Brasil y PALOP<br \/>  \u00a0<\/p>\n","protected":false},"author":1,"featured_media":37730,"comment_status":"open","ping_status":"open","sticky":false,"template":"","format":"standard","meta":{"content-type":"","footnotes":""},"categories":[25],"tags":[],"class_list":["post-7145","post","type-post","status-publish","format-standard","has-post-thumbnail","hentry","category-noticias-es"],"yoast_head":"<!-- This site is optimized with the Yoast SEO Premium plugin v20.7 (Yoast SEO v28.1) - https:\/\/yoast.com\/product\/yoast-seo-premium-wordpress\/ -->\n<title>Presidente de la Rep\u00fablica en Cuba - Newhotel<\/title>\n<meta name=\"description\" content=\"El Presidente de Portugal, Marcelo Rebelo de Sousa, en visita a Cuba inaugur\u00f3 en La Habana el 1er Foro Empresarial de Portugal - Cuba.\" \/>\n<meta name=\"robots\" content=\"index, follow, max-snippet:-1, max-image-preview:large, max-video-preview:-1\" \/>\n<link rel=\"canonical\" href=\"https:\/\/newhotel.com\/es\/blog\/presidente-de-la-republica-en-cuba\/\" \/>\n<meta property=\"og:locale\" content=\"es_ES\" \/>\n<meta property=\"og:type\" content=\"article\" \/>\n<meta property=\"og:title\" content=\"Presidente de la Rep\u00fablica en Cuba\" \/>\n<meta property=\"og:description\" content=\"El Presidente de Portugal, Marcelo Rebelo de Sousa, en visita a Cuba inaugur\u00f3 en La Habana el 1er Foro Empresarial de Portugal - Cuba.\" \/>\n<meta property=\"og:url\" content=\"https:\/\/newhotel.com\/es\/blog\/presidente-de-la-republica-en-cuba\/\" \/>\n<meta property=\"og:site_name\" content=\"Newhotel\" \/>\n<meta property=\"article:publisher\" content=\"https:\/\/www.facebook.com\/NewhotelSoftware\" \/>\n<meta property=\"article:published_time\" content=\"2016-11-02T12:09:46+00:00\" \/>\n<meta property=\"article:modified_time\" content=\"2023-08-21T13:31:51+00:00\" \/>\n<meta property=\"og:image\" content=\"https:\/\/newhotel.com\/wp-content\/uploads\/2017\/08\/Presidente-de-la-Republica-en-Cuba.png\" \/>\n\t<meta property=\"og:image:width\" content=\"600\" \/>\n\t<meta property=\"og:image:height\" content=\"300\" \/>\n\t<meta property=\"og:image:type\" content=\"image\/png\" \/>\n<meta name=\"author\" content=\"inundaweb\" \/>\n<meta name=\"twitter:card\" content=\"summary_large_image\" \/>\n<meta name=\"twitter:label1\" content=\"Escrito por\" \/>\n\t<meta name=\"twitter:data1\" content=\"inundaweb\" \/>\n\t<meta name=\"twitter:label2\" content=\"Tiempo de lectura\" \/>\n\t<meta name=\"twitter:data2\" content=\"2 minutos\" \/>\n<script type=\"application\/ld+json\" class=\"yoast-schema-graph\">{\"@context\":\"https:\\\/\\\/schema.org\",\"@graph\":[{\"@type\":\"Article\",\"@id\":\"https:\\\/\\\/newhotel.com\\\/es\\\/blog\\\/presidente-de-la-republica-en-cuba\\\/#article\",\"isPartOf\":{\"@id\":\"https:\\\/\\\/newhotel.com\\\/es\\\/blog\\\/presidente-de-la-republica-en-cuba\\\/\"},\"author\":{\"name\":\"inundaweb\",\"@id\":\"https:\\\/\\\/newhotel.com\\\/br\\\/#\\\/schema\\\/person\\\/d7f6bbfee81e00d7a3b2ecc024c506d1\"},\"headline\":\"Presidente de la Rep\u00fablica en Cuba\",\"datePublished\":\"2016-11-02T12:09:46+00:00\",\"dateModified\":\"2023-08-21T13:31:51+00:00\",\"mainEntityOfPage\":{\"@id\":\"https:\\\/\\\/newhotel.com\\\/es\\\/blog\\\/presidente-de-la-republica-en-cuba\\\/\"},\"wordCount\":303,\"commentCount\":0,\"publisher\":{\"@id\":\"https:\\\/\\\/newhotel.com\\\/br\\\/#organization\"},\"image\":{\"@id\":\"https:\\\/\\\/newhotel.com\\\/es\\\/blog\\\/presidente-de-la-republica-en-cuba\\\/#primaryimage\"},\"thumbnailUrl\":\"https:\\\/\\\/newhotel.com\\\/wp-content\\\/uploads\\\/2017\\\/08\\\/Presidente-de-la-Republica-en-Cuba.png\",\"articleSection\":[\"Noticias\"],\"inLanguage\":\"es\",\"potentialAction\":[{\"@type\":\"CommentAction\",\"name\":\"Comment\",\"target\":[\"https:\\\/\\\/newhotel.com\\\/es\\\/blog\\\/presidente-de-la-republica-en-cuba\\\/#respond\"]}]},{\"@type\":\"WebPage\",\"@id\":\"https:\\\/\\\/newhotel.com\\\/es\\\/blog\\\/presidente-de-la-republica-en-cuba\\\/\",\"url\":\"https:\\\/\\\/newhotel.com\\\/es\\\/blog\\\/presidente-de-la-republica-en-cuba\\\/\",\"name\":\"Presidente de la Rep\u00fablica en Cuba - Newhotel\",\"isPartOf\":{\"@id\":\"https:\\\/\\\/newhotel.com\\\/br\\\/#website\"},\"primaryImageOfPage\":{\"@id\":\"https:\\\/\\\/newhotel.com\\\/es\\\/blog\\\/presidente-de-la-republica-en-cuba\\\/#primaryimage\"},\"image\":{\"@id\":\"https:\\\/\\\/newhotel.com\\\/es\\\/blog\\\/presidente-de-la-republica-en-cuba\\\/#primaryimage\"},\"thumbnailUrl\":\"https:\\\/\\\/newhotel.com\\\/wp-content\\\/uploads\\\/2017\\\/08\\\/Presidente-de-la-Republica-en-Cuba.png\",\"datePublished\":\"2016-11-02T12:09:46+00:00\",\"dateModified\":\"2023-08-21T13:31:51+00:00\",\"description\":\"El Presidente de Portugal, Marcelo Rebelo de Sousa, en visita a Cuba inaugur\u00f3 en La Habana el 1er Foro Empresarial de Portugal - Cuba.\",\"breadcrumb\":{\"@id\":\"https:\\\/\\\/newhotel.com\\\/es\\\/blog\\\/presidente-de-la-republica-en-cuba\\\/#breadcrumb\"},\"inLanguage\":\"es\",\"potentialAction\":[{\"@type\":\"ReadAction\",\"target\":[\"https:\\\/\\\/newhotel.com\\\/es\\\/blog\\\/presidente-de-la-republica-en-cuba\\\/\"]}]},{\"@type\":\"ImageObject\",\"inLanguage\":\"es\",\"@id\":\"https:\\\/\\\/newhotel.com\\\/es\\\/blog\\\/presidente-de-la-republica-en-cuba\\\/#primaryimage\",\"url\":\"https:\\\/\\\/newhotel.com\\\/wp-content\\\/uploads\\\/2017\\\/08\\\/Presidente-de-la-Republica-en-Cuba.png\",\"contentUrl\":\"https:\\\/\\\/newhotel.com\\\/wp-content\\\/uploads\\\/2017\\\/08\\\/Presidente-de-la-Republica-en-Cuba.png\",\"width\":600,\"height\":300},{\"@type\":\"BreadcrumbList\",\"@id\":\"https:\\\/\\\/newhotel.com\\\/es\\\/blog\\\/presidente-de-la-republica-en-cuba\\\/#breadcrumb\",\"itemListElement\":[{\"@type\":\"ListItem\",\"position\":1,\"name\":\"In\u00edcio\",\"item\":\"https:\\\/\\\/newhotel.com\\\/pt\\\/\"},{\"@type\":\"ListItem\",\"position\":2,\"name\":\"Presidente de la Rep\u00fablica en Cuba\"}]},{\"@type\":\"WebSite\",\"@id\":\"https:\\\/\\\/newhotel.com\\\/br\\\/#website\",\"url\":\"https:\\\/\\\/newhotel.com\\\/br\\\/\",\"name\":\"Newhotel\",\"description\":\"Software de Gest\u00e3o de Hot\u00e9is\",\"publisher\":{\"@id\":\"https:\\\/\\\/newhotel.com\\\/br\\\/#organization\"},\"potentialAction\":[{\"@type\":\"SearchAction\",\"target\":{\"@type\":\"EntryPoint\",\"urlTemplate\":\"https:\\\/\\\/newhotel.com\\\/br\\\/?s={search_term_string}\"},\"query-input\":{\"@type\":\"PropertyValueSpecification\",\"valueRequired\":true,\"valueName\":\"search_term_string\"}}],\"inLanguage\":\"es\"},{\"@type\":\"Organization\",\"@id\":\"https:\\\/\\\/newhotel.com\\\/br\\\/#organization\",\"name\":\"Newhotel Software\",\"alternateName\":\"Newhotel\",\"url\":\"https:\\\/\\\/newhotel.com\\\/br\\\/\",\"logo\":{\"@type\":\"ImageObject\",\"inLanguage\":\"es\",\"@id\":\"https:\\\/\\\/newhotel.com\\\/br\\\/#\\\/schema\\\/logo\\\/image\\\/\",\"url\":\"https:\\\/\\\/newhotel.com\\\/wp-content\\\/uploads\\\/2025\\\/09\\\/logo-newhotel-1.png\",\"contentUrl\":\"https:\\\/\\\/newhotel.com\\\/wp-content\\\/uploads\\\/2025\\\/09\\\/logo-newhotel-1.png\",\"width\":200,\"height\":150,\"caption\":\"Newhotel Software\"},\"image\":{\"@id\":\"https:\\\/\\\/newhotel.com\\\/br\\\/#\\\/schema\\\/logo\\\/image\\\/\"},\"sameAs\":[\"https:\\\/\\\/www.facebook.com\\\/NewhotelSoftware\",\"https:\\\/\\\/www.linkedin.com\\\/company\\\/newhotel-software\\\/\",\"https:\\\/\\\/www.instagram.com\\\/newhotelsoftware\\\/\",\"https:\\\/\\\/www.youtube.com\\\/user\\\/SoftwareNewHotel\"]},{\"@type\":\"Person\",\"@id\":\"https:\\\/\\\/newhotel.com\\\/br\\\/#\\\/schema\\\/person\\\/d7f6bbfee81e00d7a3b2ecc024c506d1\",\"name\":\"inundaweb\",\"image\":{\"@type\":\"ImageObject\",\"inLanguage\":\"es\",\"@id\":\"https:\\\/\\\/secure.gravatar.com\\\/avatar\\\/ecb3525f432cd14e5ab2462e08f917c494f57d8bd0877f8e423a631873128666?s=96&d=mm&r=g\",\"url\":\"https:\\\/\\\/secure.gravatar.com\\\/avatar\\\/ecb3525f432cd14e5ab2462e08f917c494f57d8bd0877f8e423a631873128666?s=96&d=mm&r=g\",\"contentUrl\":\"https:\\\/\\\/secure.gravatar.com\\\/avatar\\\/ecb3525f432cd14e5ab2462e08f917c494f57d8bd0877f8e423a631873128666?s=96&d=mm&r=g\",\"caption\":\"inundaweb\"}}]}<\/script>\n<!-- \/ Yoast SEO Premium plugin. -->","yoast_head_json":{"title":"Presidente de la Rep\u00fablica en Cuba - Newhotel","description":"El Presidente de Portugal, Marcelo Rebelo de Sousa, en visita a Cuba inaugur\u00f3 en La Habana el 1er Foro Empresarial de Portugal - Cuba.","robots":{"index":"index","follow":"follow","max-snippet":"max-snippet:-1","max-image-preview":"max-image-preview:large","max-video-preview":"max-video-preview:-1"},"canonical":"https:\/\/newhotel.com\/es\/blog\/presidente-de-la-republica-en-cuba\/","og_locale":"es_ES","og_type":"article","og_title":"Presidente de la Rep\u00fablica en Cuba","og_description":"El Presidente de Portugal, Marcelo Rebelo de Sousa, en visita a Cuba inaugur\u00f3 en La Habana el 1er Foro Empresarial de Portugal - Cuba.","og_url":"https:\/\/newhotel.com\/es\/blog\/presidente-de-la-republica-en-cuba\/","og_site_name":"Newhotel","article_publisher":"https:\/\/www.facebook.com\/NewhotelSoftware","article_published_time":"2016-11-02T12:09:46+00:00","article_modified_time":"2023-08-21T13:31:51+00:00","og_image":[{"width":600,"height":300,"url":"https:\/\/newhotel.com\/wp-content\/uploads\/2017\/08\/Presidente-de-la-Republica-en-Cuba.png","type":"image\/png"}],"author":"inundaweb","twitter_card":"summary_large_image","twitter_misc":{"Escrito por":"inundaweb","Tiempo de lectura":"2 minutos"},"schema":{"@context":"https:\/\/schema.org","@graph":[{"@type":"Article","@id":"https:\/\/newhotel.com\/es\/blog\/presidente-de-la-republica-en-cuba\/#article","isPartOf":{"@id":"https:\/\/newhotel.com\/es\/blog\/presidente-de-la-republica-en-cuba\/"},"author":{"name":"inundaweb","@id":"https:\/\/newhotel.com\/br\/#\/schema\/person\/d7f6bbfee81e00d7a3b2ecc024c506d1"},"headline":"Presidente de la Rep\u00fablica en Cuba","datePublished":"2016-11-02T12:09:46+00:00","dateModified":"2023-08-21T13:31:51+00:00","mainEntityOfPage":{"@id":"https:\/\/newhotel.com\/es\/blog\/presidente-de-la-republica-en-cuba\/"},"wordCount":303,"commentCount":0,"publisher":{"@id":"https:\/\/newhotel.com\/br\/#organization"},"image":{"@id":"https:\/\/newhotel.com\/es\/blog\/presidente-de-la-republica-en-cuba\/#primaryimage"},"thumbnailUrl":"https:\/\/newhotel.com\/wp-content\/uploads\/2017\/08\/Presidente-de-la-Republica-en-Cuba.png","articleSection":["Noticias"],"inLanguage":"es","potentialAction":[{"@type":"CommentAction","name":"Comment","target":["https:\/\/newhotel.com\/es\/blog\/presidente-de-la-republica-en-cuba\/#respond"]}]},{"@type":"WebPage","@id":"https:\/\/newhotel.com\/es\/blog\/presidente-de-la-republica-en-cuba\/","url":"https:\/\/newhotel.com\/es\/blog\/presidente-de-la-republica-en-cuba\/","name":"Presidente de la Rep\u00fablica en Cuba - Newhotel","isPartOf":{"@id":"https:\/\/newhotel.com\/br\/#website"},"primaryImageOfPage":{"@id":"https:\/\/newhotel.com\/es\/blog\/presidente-de-la-republica-en-cuba\/#primaryimage"},"image":{"@id":"https:\/\/newhotel.com\/es\/blog\/presidente-de-la-republica-en-cuba\/#primaryimage"},"thumbnailUrl":"https:\/\/newhotel.com\/wp-content\/uploads\/2017\/08\/Presidente-de-la-Republica-en-Cuba.png","datePublished":"2016-11-02T12:09:46+00:00","dateModified":"2023-08-21T13:31:51+00:00","description":"El Presidente de Portugal, Marcelo Rebelo de Sousa, en visita a Cuba inaugur\u00f3 en La Habana el 1er Foro Empresarial de Portugal - Cuba.","breadcrumb":{"@id":"https:\/\/newhotel.com\/es\/blog\/presidente-de-la-republica-en-cuba\/#breadcrumb"},"inLanguage":"es","potentialAction":[{"@type":"ReadAction","target":["https:\/\/newhotel.com\/es\/blog\/presidente-de-la-republica-en-cuba\/"]}]},{"@type":"ImageObject","inLanguage":"es","@id":"https:\/\/newhotel.com\/es\/blog\/presidente-de-la-republica-en-cuba\/#primaryimage","url":"https:\/\/newhotel.com\/wp-content\/uploads\/2017\/08\/Presidente-de-la-Republica-en-Cuba.png","contentUrl":"https:\/\/newhotel.com\/wp-content\/uploads\/2017\/08\/Presidente-de-la-Republica-en-Cuba.png","width":600,"height":300},{"@type":"BreadcrumbList","@id":"https:\/\/newhotel.com\/es\/blog\/presidente-de-la-republica-en-cuba\/#breadcrumb","itemListElement":[{"@type":"ListItem","position":1,"name":"In\u00edcio","item":"https:\/\/newhotel.com\/pt\/"},{"@type":"ListItem","position":2,"name":"Presidente de la Rep\u00fablica en Cuba"}]},{"@type":"WebSite","@id":"https:\/\/newhotel.com\/br\/#website","url":"https:\/\/newhotel.com\/br\/","name":"Newhotel","description":"Software de Gest\u00e3o de Hot\u00e9is","publisher":{"@id":"https:\/\/newhotel.com\/br\/#organization"},"potentialAction":[{"@type":"SearchAction","target":{"@type":"EntryPoint","urlTemplate":"https:\/\/newhotel.com\/br\/?s={search_term_string}"},"query-input":{"@type":"PropertyValueSpecification","valueRequired":true,"valueName":"search_term_string"}}],"inLanguage":"es"},{"@type":"Organization","@id":"https:\/\/newhotel.com\/br\/#organization","name":"Newhotel Software","alternateName":"Newhotel","url":"https:\/\/newhotel.com\/br\/","logo":{"@type":"ImageObject","inLanguage":"es","@id":"https:\/\/newhotel.com\/br\/#\/schema\/logo\/image\/","url":"https:\/\/newhotel.com\/wp-content\/uploads\/2025\/09\/logo-newhotel-1.png","contentUrl":"https:\/\/newhotel.com\/wp-content\/uploads\/2025\/09\/logo-newhotel-1.png","width":200,"height":150,"caption":"Newhotel Software"},"image":{"@id":"https:\/\/newhotel.com\/br\/#\/schema\/logo\/image\/"},"sameAs":["https:\/\/www.facebook.com\/NewhotelSoftware","https:\/\/www.linkedin.com\/company\/newhotel-software\/","https:\/\/www.instagram.com\/newhotelsoftware\/","https:\/\/www.youtube.com\/user\/SoftwareNewHotel"]},{"@type":"Person","@id":"https:\/\/newhotel.com\/br\/#\/schema\/person\/d7f6bbfee81e00d7a3b2ecc024c506d1","name":"inundaweb","image":{"@type":"ImageObject","inLanguage":"es","@id":"https:\/\/secure.gravatar.com\/avatar\/ecb3525f432cd14e5ab2462e08f917c494f57d8bd0877f8e423a631873128666?s=96&d=mm&r=g","url":"https:\/\/secure.gravatar.com\/avatar\/ecb3525f432cd14e5ab2462e08f917c494f57d8bd0877f8e423a631873128666?s=96&d=mm&r=g","contentUrl":"https:\/\/secure.gravatar.com\/avatar\/ecb3525f432cd14e5ab2462e08f917c494f57d8bd0877f8e423a631873128666?s=96&d=mm&r=g","caption":"inundaweb"}}]}},"_links":{"self":[{"href":"https:\/\/newhotel.com\/es\/wp-json\/wp\/v2\/posts\/7145","targetHints":{"allow":["GET"]}}],"collection":[{"href":"https:\/\/newhotel.com\/es\/wp-json\/wp\/v2\/posts"}],"about":[{"href":"https:\/\/newhotel.com\/es\/wp-json\/wp\/v2\/types\/post"}],"author":[{"embeddable":true,"href":"https:\/\/newhotel.com\/es\/wp-json\/wp\/v2\/users\/1"}],"replies":[{"embeddable":true,"href":"https:\/\/newhotel.com\/es\/wp-json\/wp\/v2\/comments?post=7145"}],"version-history":[{"count":0,"href":"https:\/\/newhotel.com\/es\/wp-json\/wp\/v2\/posts\/7145\/revisions"}],"wp:featuredmedia":[{"embeddable":true,"href":"https:\/\/newhotel.com\/es\/wp-json\/wp\/v2\/media\/37730"}],"wp:attachment":[{"href":"https:\/\/newhotel.com\/es\/wp-json\/wp\/v2\/media?parent=7145"}],"wp:term":[{"taxonomy":"category","embeddable":true,"href":"https:\/\/newhotel.com\/es\/wp-json\/wp\/v2\/categories?post=7145"},{"taxonomy":"post_tag","embeddable":true,"href":"https:\/\/newhotel.com\/es\/wp-json\/wp\/v2\/tags?post=7145"}],"curies":[{"name":"wp","href":"https:\/\/api.w.org\/{rel}","templated":true}]}}