{"id":7169,"date":"2017-08-10T10:10:09","date_gmt":"2017-08-10T13:10:09","guid":{"rendered":"https:\/\/newhotel.inundaserver.com.br\/presentes-en-las-pincipales-ferias-del-america-latina\/"},"modified":"2023-08-21T10:22:17","modified_gmt":"2023-08-21T13:22:17","slug":"presentes-en-las-pincipales-ferias-del-america-latina","status":"publish","type":"post","link":"https:\/\/newhotel.com\/es\/blog\/presentes-en-las-pincipales-ferias-del-america-latina\/","title":{"rendered":"Presentes en las pincipales ferias del America Latina"},"content":{"rendered":"<table style=\"width: 1200px;\" border=\"0\" cellspacing=\"10\" cellpadding=\"1\">\n<tbody>\n<tr>\n<td><img fetchpriority=\"high\" decoding=\"async\" src=\"https:\/\/www.newhotel.com\/Images\/Banner\/06.jpg\" alt=\"\" width=\"500\" height=\"210\" \/><\/td>\n<td>\n<h1>UN MES EN PLENO!<\/h1>\n<div>Durante el mes de septiembre, Newhotel estar\u00e1 representado con sus equipos locales e internacionales en las principales ferias de turismo de Am\u00e9rica Latina.<\/div>\n<div>Lo esperamos en el Equipotel 2017 entre los dias 11 y 14, que tendr\u00e1 lugar en la ciudad de S\u00e3o Paulo, Brasil, en Expocotelco entre los d\u00edas 21 y 22 en la ciudad de Cali, Colombia y en el IX Congreso Nacional de Hoteleros de Chile de 28 a 30 en la ciudad de Concepci\u00f3n.<\/div>\n<div><\/div>\n<div>\u00a1Vis\u00edtenos y mant\u00e9ngase al corriente de las mejores soluciones de software en el mercado para su negocio!<\/div>\n<\/td>\n<\/tr>\n<\/tbody>\n<\/table>\n","protected":false},"excerpt":{"rendered":"<p>Equipotel, Expocotelco y IX Congreso de Hotelaria<\/p>\n","protected":false},"author":1,"featured_media":37726,"comment_status":"open","ping_status":"open","sticky":false,"template":"","format":"standard","meta":{"content-type":"","footnotes":""},"categories":[25],"tags":[],"class_list":["post-7169","post","type-post","status-publish","format-standard","has-post-thumbnail","hentry","category-noticias-es"],"yoast_head":"<!-- This site is optimized with the Yoast SEO Premium plugin v20.7 (Yoast SEO v28.1) - https:\/\/yoast.com\/product\/yoast-seo-premium-wordpress\/ -->\n<title>Presentes en las pincipales ferias del America Latina - Newhotel<\/title>\n<meta name=\"description\" content=\"Durante el mes de septiembre, Newhotel estar\u00e1 representado con sus equipos locales e internacionales en las principales ferias de turismo.\" \/>\n<meta name=\"robots\" content=\"index, follow, max-snippet:-1, max-image-preview:large, max-video-preview:-1\" \/>\n<link rel=\"canonical\" href=\"https:\/\/newhotel.com\/es\/blog\/presentes-en-las-pincipales-ferias-del-america-latina\/\" \/>\n<meta property=\"og:locale\" content=\"es_ES\" \/>\n<meta property=\"og:type\" content=\"article\" \/>\n<meta property=\"og:title\" content=\"Presentes en las pincipales ferias del America Latina\" \/>\n<meta property=\"og:description\" content=\"Durante el mes de septiembre, Newhotel estar\u00e1 representado con sus equipos locales e internacionales en las principales ferias de turismo.\" \/>\n<meta property=\"og:url\" content=\"https:\/\/newhotel.com\/es\/blog\/presentes-en-las-pincipales-ferias-del-america-latina\/\" \/>\n<meta property=\"og:site_name\" content=\"Newhotel\" \/>\n<meta property=\"article:publisher\" content=\"https:\/\/www.facebook.com\/NewhotelSoftware\" \/>\n<meta property=\"article:published_time\" content=\"2017-08-10T13:10:09+00:00\" \/>\n<meta property=\"article:modified_time\" content=\"2023-08-21T13:22:17+00:00\" \/>\n<meta property=\"og:image\" content=\"https:\/\/newhotel.com\/wp-content\/uploads\/2017\/08\/Presentes-en-las-pincipales-ferias-del-America-Latina.png\" \/>\n\t<meta property=\"og:image:width\" content=\"600\" \/>\n\t<meta property=\"og:image:height\" content=\"300\" \/>\n\t<meta property=\"og:image:type\" content=\"image\/png\" \/>\n<meta name=\"author\" content=\"inundaweb\" \/>\n<meta name=\"twitter:card\" content=\"summary_large_image\" \/>\n<meta name=\"twitter:label1\" content=\"Escrito por\" \/>\n\t<meta name=\"twitter:data1\" content=\"inundaweb\" \/>\n\t<meta name=\"twitter:label2\" content=\"Tiempo de lectura\" \/>\n\t<meta name=\"twitter:data2\" content=\"1 minuto\" \/>\n<script type=\"application\/ld+json\" class=\"yoast-schema-graph\">{\"@context\":\"https:\\\/\\\/schema.org\",\"@graph\":[{\"@type\":\"Article\",\"@id\":\"https:\\\/\\\/newhotel.com\\\/es\\\/blog\\\/presentes-en-las-pincipales-ferias-del-america-latina\\\/#article\",\"isPartOf\":{\"@id\":\"https:\\\/\\\/newhotel.com\\\/es\\\/blog\\\/presentes-en-las-pincipales-ferias-del-america-latina\\\/\"},\"author\":{\"name\":\"inundaweb\",\"@id\":\"https:\\\/\\\/newhotel.com\\\/br\\\/#\\\/schema\\\/person\\\/d7f6bbfee81e00d7a3b2ecc024c506d1\"},\"headline\":\"Presentes en las pincipales ferias del America Latina\",\"datePublished\":\"2017-08-10T13:10:09+00:00\",\"dateModified\":\"2023-08-21T13:22:17+00:00\",\"mainEntityOfPage\":{\"@id\":\"https:\\\/\\\/newhotel.com\\\/es\\\/blog\\\/presentes-en-las-pincipales-ferias-del-america-latina\\\/\"},\"wordCount\":106,\"commentCount\":0,\"publisher\":{\"@id\":\"https:\\\/\\\/newhotel.com\\\/br\\\/#organization\"},\"image\":{\"@id\":\"https:\\\/\\\/newhotel.com\\\/es\\\/blog\\\/presentes-en-las-pincipales-ferias-del-america-latina\\\/#primaryimage\"},\"thumbnailUrl\":\"https:\\\/\\\/newhotel.com\\\/wp-content\\\/uploads\\\/2017\\\/08\\\/Presentes-en-las-pincipales-ferias-del-America-Latina.png\",\"articleSection\":[\"Noticias\"],\"inLanguage\":\"es\",\"potentialAction\":[{\"@type\":\"CommentAction\",\"name\":\"Comment\",\"target\":[\"https:\\\/\\\/newhotel.com\\\/es\\\/blog\\\/presentes-en-las-pincipales-ferias-del-america-latina\\\/#respond\"]}]},{\"@type\":\"WebPage\",\"@id\":\"https:\\\/\\\/newhotel.com\\\/es\\\/blog\\\/presentes-en-las-pincipales-ferias-del-america-latina\\\/\",\"url\":\"https:\\\/\\\/newhotel.com\\\/es\\\/blog\\\/presentes-en-las-pincipales-ferias-del-america-latina\\\/\",\"name\":\"Presentes en las pincipales ferias del America Latina - Newhotel\",\"isPartOf\":{\"@id\":\"https:\\\/\\\/newhotel.com\\\/br\\\/#website\"},\"primaryImageOfPage\":{\"@id\":\"https:\\\/\\\/newhotel.com\\\/es\\\/blog\\\/presentes-en-las-pincipales-ferias-del-america-latina\\\/#primaryimage\"},\"image\":{\"@id\":\"https:\\\/\\\/newhotel.com\\\/es\\\/blog\\\/presentes-en-las-pincipales-ferias-del-america-latina\\\/#primaryimage\"},\"thumbnailUrl\":\"https:\\\/\\\/newhotel.com\\\/wp-content\\\/uploads\\\/2017\\\/08\\\/Presentes-en-las-pincipales-ferias-del-America-Latina.png\",\"datePublished\":\"2017-08-10T13:10:09+00:00\",\"dateModified\":\"2023-08-21T13:22:17+00:00\",\"description\":\"Durante el mes de septiembre, Newhotel estar\u00e1 representado con sus equipos locales e internacionales en las principales ferias de turismo.\",\"breadcrumb\":{\"@id\":\"https:\\\/\\\/newhotel.com\\\/es\\\/blog\\\/presentes-en-las-pincipales-ferias-del-america-latina\\\/#breadcrumb\"},\"inLanguage\":\"es\",\"potentialAction\":[{\"@type\":\"ReadAction\",\"target\":[\"https:\\\/\\\/newhotel.com\\\/es\\\/blog\\\/presentes-en-las-pincipales-ferias-del-america-latina\\\/\"]}]},{\"@type\":\"ImageObject\",\"inLanguage\":\"es\",\"@id\":\"https:\\\/\\\/newhotel.com\\\/es\\\/blog\\\/presentes-en-las-pincipales-ferias-del-america-latina\\\/#primaryimage\",\"url\":\"https:\\\/\\\/newhotel.com\\\/wp-content\\\/uploads\\\/2017\\\/08\\\/Presentes-en-las-pincipales-ferias-del-America-Latina.png\",\"contentUrl\":\"https:\\\/\\\/newhotel.com\\\/wp-content\\\/uploads\\\/2017\\\/08\\\/Presentes-en-las-pincipales-ferias-del-America-Latina.png\",\"width\":600,\"height\":300},{\"@type\":\"BreadcrumbList\",\"@id\":\"https:\\\/\\\/newhotel.com\\\/es\\\/blog\\\/presentes-en-las-pincipales-ferias-del-america-latina\\\/#breadcrumb\",\"itemListElement\":[{\"@type\":\"ListItem\",\"position\":1,\"name\":\"In\u00edcio\",\"item\":\"https:\\\/\\\/newhotel.com\\\/pt\\\/\"},{\"@type\":\"ListItem\",\"position\":2,\"name\":\"Presentes en las pincipales ferias del America Latina\"}]},{\"@type\":\"WebSite\",\"@id\":\"https:\\\/\\\/newhotel.com\\\/br\\\/#website\",\"url\":\"https:\\\/\\\/newhotel.com\\\/br\\\/\",\"name\":\"Newhotel\",\"description\":\"Software de Gest\u00e3o de Hot\u00e9is\",\"publisher\":{\"@id\":\"https:\\\/\\\/newhotel.com\\\/br\\\/#organization\"},\"potentialAction\":[{\"@type\":\"SearchAction\",\"target\":{\"@type\":\"EntryPoint\",\"urlTemplate\":\"https:\\\/\\\/newhotel.com\\\/br\\\/?s={search_term_string}\"},\"query-input\":{\"@type\":\"PropertyValueSpecification\",\"valueRequired\":true,\"valueName\":\"search_term_string\"}}],\"inLanguage\":\"es\"},{\"@type\":\"Organization\",\"@id\":\"https:\\\/\\\/newhotel.com\\\/br\\\/#organization\",\"name\":\"Newhotel Software\",\"alternateName\":\"Newhotel\",\"url\":\"https:\\\/\\\/newhotel.com\\\/br\\\/\",\"logo\":{\"@type\":\"ImageObject\",\"inLanguage\":\"es\",\"@id\":\"https:\\\/\\\/newhotel.com\\\/br\\\/#\\\/schema\\\/logo\\\/image\\\/\",\"url\":\"https:\\\/\\\/newhotel.com\\\/wp-content\\\/uploads\\\/2025\\\/09\\\/logo-newhotel-1.png\",\"contentUrl\":\"https:\\\/\\\/newhotel.com\\\/wp-content\\\/uploads\\\/2025\\\/09\\\/logo-newhotel-1.png\",\"width\":200,\"height\":150,\"caption\":\"Newhotel Software\"},\"image\":{\"@id\":\"https:\\\/\\\/newhotel.com\\\/br\\\/#\\\/schema\\\/logo\\\/image\\\/\"},\"sameAs\":[\"https:\\\/\\\/www.facebook.com\\\/NewhotelSoftware\",\"https:\\\/\\\/www.linkedin.com\\\/company\\\/newhotel-software\\\/\",\"https:\\\/\\\/www.instagram.com\\\/newhotelsoftware\\\/\",\"https:\\\/\\\/www.youtube.com\\\/user\\\/SoftwareNewHotel\"]},{\"@type\":\"Person\",\"@id\":\"https:\\\/\\\/newhotel.com\\\/br\\\/#\\\/schema\\\/person\\\/d7f6bbfee81e00d7a3b2ecc024c506d1\",\"name\":\"inundaweb\",\"image\":{\"@type\":\"ImageObject\",\"inLanguage\":\"es\",\"@id\":\"https:\\\/\\\/secure.gravatar.com\\\/avatar\\\/ecb3525f432cd14e5ab2462e08f917c494f57d8bd0877f8e423a631873128666?s=96&d=mm&r=g\",\"url\":\"https:\\\/\\\/secure.gravatar.com\\\/avatar\\\/ecb3525f432cd14e5ab2462e08f917c494f57d8bd0877f8e423a631873128666?s=96&d=mm&r=g\",\"contentUrl\":\"https:\\\/\\\/secure.gravatar.com\\\/avatar\\\/ecb3525f432cd14e5ab2462e08f917c494f57d8bd0877f8e423a631873128666?s=96&d=mm&r=g\",\"caption\":\"inundaweb\"}}]}<\/script>\n<!-- \/ Yoast SEO Premium plugin. -->","yoast_head_json":{"title":"Presentes en las pincipales ferias del America Latina - Newhotel","description":"Durante el mes de septiembre, Newhotel estar\u00e1 representado con sus equipos locales e internacionales en las principales ferias de turismo.","robots":{"index":"index","follow":"follow","max-snippet":"max-snippet:-1","max-image-preview":"max-image-preview:large","max-video-preview":"max-video-preview:-1"},"canonical":"https:\/\/newhotel.com\/es\/blog\/presentes-en-las-pincipales-ferias-del-america-latina\/","og_locale":"es_ES","og_type":"article","og_title":"Presentes en las pincipales ferias del America Latina","og_description":"Durante el mes de septiembre, Newhotel estar\u00e1 representado con sus equipos locales e internacionales en las principales ferias de turismo.","og_url":"https:\/\/newhotel.com\/es\/blog\/presentes-en-las-pincipales-ferias-del-america-latina\/","og_site_name":"Newhotel","article_publisher":"https:\/\/www.facebook.com\/NewhotelSoftware","article_published_time":"2017-08-10T13:10:09+00:00","article_modified_time":"2023-08-21T13:22:17+00:00","og_image":[{"width":600,"height":300,"url":"https:\/\/newhotel.com\/wp-content\/uploads\/2017\/08\/Presentes-en-las-pincipales-ferias-del-America-Latina.png","type":"image\/png"}],"author":"inundaweb","twitter_card":"summary_large_image","twitter_misc":{"Escrito por":"inundaweb","Tiempo de lectura":"1 minuto"},"schema":{"@context":"https:\/\/schema.org","@graph":[{"@type":"Article","@id":"https:\/\/newhotel.com\/es\/blog\/presentes-en-las-pincipales-ferias-del-america-latina\/#article","isPartOf":{"@id":"https:\/\/newhotel.com\/es\/blog\/presentes-en-las-pincipales-ferias-del-america-latina\/"},"author":{"name":"inundaweb","@id":"https:\/\/newhotel.com\/br\/#\/schema\/person\/d7f6bbfee81e00d7a3b2ecc024c506d1"},"headline":"Presentes en las pincipales ferias del America Latina","datePublished":"2017-08-10T13:10:09+00:00","dateModified":"2023-08-21T13:22:17+00:00","mainEntityOfPage":{"@id":"https:\/\/newhotel.com\/es\/blog\/presentes-en-las-pincipales-ferias-del-america-latina\/"},"wordCount":106,"commentCount":0,"publisher":{"@id":"https:\/\/newhotel.com\/br\/#organization"},"image":{"@id":"https:\/\/newhotel.com\/es\/blog\/presentes-en-las-pincipales-ferias-del-america-latina\/#primaryimage"},"thumbnailUrl":"https:\/\/newhotel.com\/wp-content\/uploads\/2017\/08\/Presentes-en-las-pincipales-ferias-del-America-Latina.png","articleSection":["Noticias"],"inLanguage":"es","potentialAction":[{"@type":"CommentAction","name":"Comment","target":["https:\/\/newhotel.com\/es\/blog\/presentes-en-las-pincipales-ferias-del-america-latina\/#respond"]}]},{"@type":"WebPage","@id":"https:\/\/newhotel.com\/es\/blog\/presentes-en-las-pincipales-ferias-del-america-latina\/","url":"https:\/\/newhotel.com\/es\/blog\/presentes-en-las-pincipales-ferias-del-america-latina\/","name":"Presentes en las pincipales ferias del America Latina - Newhotel","isPartOf":{"@id":"https:\/\/newhotel.com\/br\/#website"},"primaryImageOfPage":{"@id":"https:\/\/newhotel.com\/es\/blog\/presentes-en-las-pincipales-ferias-del-america-latina\/#primaryimage"},"image":{"@id":"https:\/\/newhotel.com\/es\/blog\/presentes-en-las-pincipales-ferias-del-america-latina\/#primaryimage"},"thumbnailUrl":"https:\/\/newhotel.com\/wp-content\/uploads\/2017\/08\/Presentes-en-las-pincipales-ferias-del-America-Latina.png","datePublished":"2017-08-10T13:10:09+00:00","dateModified":"2023-08-21T13:22:17+00:00","description":"Durante el mes de septiembre, Newhotel estar\u00e1 representado con sus equipos locales e internacionales en las principales ferias de turismo.","breadcrumb":{"@id":"https:\/\/newhotel.com\/es\/blog\/presentes-en-las-pincipales-ferias-del-america-latina\/#breadcrumb"},"inLanguage":"es","potentialAction":[{"@type":"ReadAction","target":["https:\/\/newhotel.com\/es\/blog\/presentes-en-las-pincipales-ferias-del-america-latina\/"]}]},{"@type":"ImageObject","inLanguage":"es","@id":"https:\/\/newhotel.com\/es\/blog\/presentes-en-las-pincipales-ferias-del-america-latina\/#primaryimage","url":"https:\/\/newhotel.com\/wp-content\/uploads\/2017\/08\/Presentes-en-las-pincipales-ferias-del-America-Latina.png","contentUrl":"https:\/\/newhotel.com\/wp-content\/uploads\/2017\/08\/Presentes-en-las-pincipales-ferias-del-America-Latina.png","width":600,"height":300},{"@type":"BreadcrumbList","@id":"https:\/\/newhotel.com\/es\/blog\/presentes-en-las-pincipales-ferias-del-america-latina\/#breadcrumb","itemListElement":[{"@type":"ListItem","position":1,"name":"In\u00edcio","item":"https:\/\/newhotel.com\/pt\/"},{"@type":"ListItem","position":2,"name":"Presentes en las pincipales ferias del America Latina"}]},{"@type":"WebSite","@id":"https:\/\/newhotel.com\/br\/#website","url":"https:\/\/newhotel.com\/br\/","name":"Newhotel","description":"Software de Gest\u00e3o de Hot\u00e9is","publisher":{"@id":"https:\/\/newhotel.com\/br\/#organization"},"potentialAction":[{"@type":"SearchAction","target":{"@type":"EntryPoint","urlTemplate":"https:\/\/newhotel.com\/br\/?s={search_term_string}"},"query-input":{"@type":"PropertyValueSpecification","valueRequired":true,"valueName":"search_term_string"}}],"inLanguage":"es"},{"@type":"Organization","@id":"https:\/\/newhotel.com\/br\/#organization","name":"Newhotel Software","alternateName":"Newhotel","url":"https:\/\/newhotel.com\/br\/","logo":{"@type":"ImageObject","inLanguage":"es","@id":"https:\/\/newhotel.com\/br\/#\/schema\/logo\/image\/","url":"https:\/\/newhotel.com\/wp-content\/uploads\/2025\/09\/logo-newhotel-1.png","contentUrl":"https:\/\/newhotel.com\/wp-content\/uploads\/2025\/09\/logo-newhotel-1.png","width":200,"height":150,"caption":"Newhotel Software"},"image":{"@id":"https:\/\/newhotel.com\/br\/#\/schema\/logo\/image\/"},"sameAs":["https:\/\/www.facebook.com\/NewhotelSoftware","https:\/\/www.linkedin.com\/company\/newhotel-software\/","https:\/\/www.instagram.com\/newhotelsoftware\/","https:\/\/www.youtube.com\/user\/SoftwareNewHotel"]},{"@type":"Person","@id":"https:\/\/newhotel.com\/br\/#\/schema\/person\/d7f6bbfee81e00d7a3b2ecc024c506d1","name":"inundaweb","image":{"@type":"ImageObject","inLanguage":"es","@id":"https:\/\/secure.gravatar.com\/avatar\/ecb3525f432cd14e5ab2462e08f917c494f57d8bd0877f8e423a631873128666?s=96&d=mm&r=g","url":"https:\/\/secure.gravatar.com\/avatar\/ecb3525f432cd14e5ab2462e08f917c494f57d8bd0877f8e423a631873128666?s=96&d=mm&r=g","contentUrl":"https:\/\/secure.gravatar.com\/avatar\/ecb3525f432cd14e5ab2462e08f917c494f57d8bd0877f8e423a631873128666?s=96&d=mm&r=g","caption":"inundaweb"}}]}},"_links":{"self":[{"href":"https:\/\/newhotel.com\/es\/wp-json\/wp\/v2\/posts\/7169","targetHints":{"allow":["GET"]}}],"collection":[{"href":"https:\/\/newhotel.com\/es\/wp-json\/wp\/v2\/posts"}],"about":[{"href":"https:\/\/newhotel.com\/es\/wp-json\/wp\/v2\/types\/post"}],"author":[{"embeddable":true,"href":"https:\/\/newhotel.com\/es\/wp-json\/wp\/v2\/users\/1"}],"replies":[{"embeddable":true,"href":"https:\/\/newhotel.com\/es\/wp-json\/wp\/v2\/comments?post=7169"}],"version-history":[{"count":0,"href":"https:\/\/newhotel.com\/es\/wp-json\/wp\/v2\/posts\/7169\/revisions"}],"wp:featuredmedia":[{"embeddable":true,"href":"https:\/\/newhotel.com\/es\/wp-json\/wp\/v2\/media\/37726"}],"wp:attachment":[{"href":"https:\/\/newhotel.com\/es\/wp-json\/wp\/v2\/media?parent=7169"}],"wp:term":[{"taxonomy":"category","embeddable":true,"href":"https:\/\/newhotel.com\/es\/wp-json\/wp\/v2\/categories?post=7169"},{"taxonomy":"post_tag","embeddable":true,"href":"https:\/\/newhotel.com\/es\/wp-json\/wp\/v2\/tags?post=7169"}],"curies":[{"name":"wp","href":"https:\/\/api.w.org\/{rel}","templated":true}]}}