{"id":7172,"date":"2017-08-30T10:10:35","date_gmt":"2017-08-30T13:10:35","guid":{"rendered":"https:\/\/newhotel.inundaserver.com.br\/nueva-embajadora-del-peru-en-portugal\/"},"modified":"2023-08-21T10:21:14","modified_gmt":"2023-08-21T13:21:14","slug":"nueva-embajadora-del-peru-en-portugal","status":"publish","type":"post","link":"https:\/\/newhotel.com\/es\/blog\/nueva-embajadora-del-peru-en-portugal\/","title":{"rendered":"NUEVA EMBAJADORA DEL PER\u00da EN PORTUGAL"},"content":{"rendered":"<table style=\"width: 1200px;\" border=\"0\" cellspacing=\"10\" cellpadding=\"10\">\n<tbody>\n<tr>\n<td colspan=\"10\" rowspan=\"10\">\n<h2><img fetchpriority=\"high\" decoding=\"async\" style=\"margin: 5px 20px;\" src=\"https:\/\/www.newhotel.com\/Images\/JoaoUva\/New\/Nova_Embaixadora\/NewhotelSoftware_Embaixada.jpg\" alt=\"\" width=\"600\" height=\"300\" \/><img decoding=\"async\" style=\"margin: 5px 20px;\" src=\"https:\/\/www.newhotel.com\/Images\/JoaoUva\/New\/Nova_Embaixadora\/Newhotel_Embajada.jpg\" alt=\"\" width=\"600\" height=\"300\" loading=\"lazy\" \/><img decoding=\"async\" style=\"margin: 5px 20px; border-width: 0px; border-style: solid;\" src=\"https:\/\/www.newhotel.com\/Images\/JoaoUva\/New\/Nova_Embaixadora\/BAP.jpg\" alt=\"\" width=\"600\" height=\"371\" loading=\"lazy\" \/><\/h2>\n<\/td>\n<td style=\"text-align: justify;\">\n<h1 style=\"text-align: center;\">Newhotel Software saluda a la nueva Embajadora del Per\u00fa en Portugal<\/h1>\n<div>La nueva embajadora tom\u00f3 posesi\u00f3n el pasado 6 de julio y present\u00f3 sus cartas credenciales al presidente de la Rep\u00fablica de Portugal el pasado d\u00eda 25 del corriente m\u00e9s.En una de sus primeras iniciativas, la Embajadora invit\u00f3 a varias entidades a una visita guiada al Buque Escuela de la Marina de Per\u00fa, BAP Uni\u00f3n, el cual realiza su segundo viaje de instrucci\u00f3n en el extranjero, con una duraci\u00f3n de seis meses. Lleg\u00f3 a la capital portuguesa este 29 de agosto<\/p>\n<\/div>\n<div>Este imponente y moderno buque, el m\u00e1s grande de su g\u00e9nero en Am\u00e9rica Latina y segundo m\u00e1s grande del mundo, fue construido entre los a\u00f1os 2012 y 2015 y vino a colmar un deseo desde hace mucho ambicionado por la Marina Peruana, de contar con un nav\u00edo escuela para instruir a sus cadetes, siendo el primero con estas caracter\u00edsticas. Su nombre rinde homenaje a Uni\u00f3n, buque que particip\u00f3 en la primera etapa de la guerra del Pac\u00edfico como parte de la escuadra comandada por el Almirante Miguel Grau.Newhotel Software, cuenta con una fuerte presencia en Per\u00fa desde hace m\u00e1s de una d\u00e9cada, habiendo contribuido a la modernizaci\u00f3n del sector hotelero nacional con sus soluciones de gesti\u00f3n hotelera, presentes en los principales grupos hoteleros peruanos.<\/p>\n<\/div>\n<\/td>\n<\/tr>\n<\/tbody>\n<\/table>\n","protected":false},"excerpt":{"rendered":"<p>Maritza Puertas nombrada nueva representante<\/p>\n","protected":false},"author":1,"featured_media":37436,"comment_status":"open","ping_status":"open","sticky":false,"template":"","format":"standard","meta":{"content-type":"","footnotes":""},"categories":[25],"tags":[],"class_list":["post-7172","post","type-post","status-publish","format-standard","has-post-thumbnail","hentry","category-noticias-es"],"yoast_head":"<!-- This site is optimized with the Yoast SEO Premium plugin v20.7 (Yoast SEO v28.1) - https:\/\/yoast.com\/product\/yoast-seo-premium-wordpress\/ -->\n<title>NUEVA EMBAJADORA DEL PER\u00da EN PORTUGAL - Newhotel<\/title>\n<meta name=\"description\" content=\"La nueva embajadora tom\u00f3 posesi\u00f3n el pasado 6 de julio y present\u00f3 sus cartas credenciales al presidente de la Rep\u00fablica de Portugal.\" \/>\n<meta name=\"robots\" content=\"index, follow, max-snippet:-1, max-image-preview:large, max-video-preview:-1\" \/>\n<link rel=\"canonical\" href=\"https:\/\/newhotel.com\/es\/blog\/nueva-embajadora-del-peru-en-portugal\/\" \/>\n<meta property=\"og:locale\" content=\"es_ES\" \/>\n<meta property=\"og:type\" content=\"article\" \/>\n<meta property=\"og:title\" content=\"NUEVA EMBAJADORA DEL PER\u00da EN PORTUGAL\" \/>\n<meta property=\"og:description\" content=\"La nueva embajadora tom\u00f3 posesi\u00f3n el pasado 6 de julio y present\u00f3 sus cartas credenciales al presidente de la Rep\u00fablica de Portugal.\" \/>\n<meta property=\"og:url\" content=\"https:\/\/newhotel.com\/es\/blog\/nueva-embajadora-del-peru-en-portugal\/\" \/>\n<meta property=\"og:site_name\" content=\"Newhotel\" \/>\n<meta property=\"article:publisher\" content=\"https:\/\/www.facebook.com\/NewhotelSoftware\" \/>\n<meta property=\"article:published_time\" content=\"2017-08-30T13:10:35+00:00\" \/>\n<meta property=\"article:modified_time\" content=\"2023-08-21T13:21:14+00:00\" \/>\n<meta property=\"og:image\" content=\"https:\/\/newhotel.com\/wp-content\/uploads\/2017\/08\/nueva-embajadora-del-peru-en-portugal-compressed.jpg\" \/>\n\t<meta property=\"og:image:width\" content=\"600\" \/>\n\t<meta property=\"og:image:height\" content=\"300\" \/>\n\t<meta property=\"og:image:type\" content=\"image\/jpeg\" \/>\n<meta name=\"author\" content=\"inundaweb\" \/>\n<meta name=\"twitter:card\" content=\"summary_large_image\" \/>\n<meta name=\"twitter:label1\" content=\"Escrito por\" \/>\n\t<meta name=\"twitter:data1\" content=\"inundaweb\" \/>\n\t<meta name=\"twitter:label2\" content=\"Tiempo de lectura\" \/>\n\t<meta name=\"twitter:data2\" content=\"2 minutos\" \/>\n<script type=\"application\/ld+json\" class=\"yoast-schema-graph\">{\"@context\":\"https:\\\/\\\/schema.org\",\"@graph\":[{\"@type\":\"Article\",\"@id\":\"https:\\\/\\\/newhotel.com\\\/es\\\/blog\\\/nueva-embajadora-del-peru-en-portugal\\\/#article\",\"isPartOf\":{\"@id\":\"https:\\\/\\\/newhotel.com\\\/es\\\/blog\\\/nueva-embajadora-del-peru-en-portugal\\\/\"},\"author\":{\"name\":\"inundaweb\",\"@id\":\"https:\\\/\\\/newhotel.com\\\/br\\\/#\\\/schema\\\/person\\\/d7f6bbfee81e00d7a3b2ecc024c506d1\"},\"headline\":\"NUEVA EMBAJADORA DEL PER\u00da EN PORTUGAL\",\"datePublished\":\"2017-08-30T13:10:35+00:00\",\"dateModified\":\"2023-08-21T13:21:14+00:00\",\"mainEntityOfPage\":{\"@id\":\"https:\\\/\\\/newhotel.com\\\/es\\\/blog\\\/nueva-embajadora-del-peru-en-portugal\\\/\"},\"wordCount\":238,\"commentCount\":0,\"publisher\":{\"@id\":\"https:\\\/\\\/newhotel.com\\\/br\\\/#organization\"},\"image\":{\"@id\":\"https:\\\/\\\/newhotel.com\\\/es\\\/blog\\\/nueva-embajadora-del-peru-en-portugal\\\/#primaryimage\"},\"thumbnailUrl\":\"https:\\\/\\\/newhotel.com\\\/wp-content\\\/uploads\\\/2017\\\/08\\\/nueva-embajadora-del-peru-en-portugal-compressed.jpg\",\"articleSection\":[\"Noticias\"],\"inLanguage\":\"es\",\"potentialAction\":[{\"@type\":\"CommentAction\",\"name\":\"Comment\",\"target\":[\"https:\\\/\\\/newhotel.com\\\/es\\\/blog\\\/nueva-embajadora-del-peru-en-portugal\\\/#respond\"]}]},{\"@type\":\"WebPage\",\"@id\":\"https:\\\/\\\/newhotel.com\\\/es\\\/blog\\\/nueva-embajadora-del-peru-en-portugal\\\/\",\"url\":\"https:\\\/\\\/newhotel.com\\\/es\\\/blog\\\/nueva-embajadora-del-peru-en-portugal\\\/\",\"name\":\"NUEVA EMBAJADORA DEL PER\u00da EN PORTUGAL - Newhotel\",\"isPartOf\":{\"@id\":\"https:\\\/\\\/newhotel.com\\\/br\\\/#website\"},\"primaryImageOfPage\":{\"@id\":\"https:\\\/\\\/newhotel.com\\\/es\\\/blog\\\/nueva-embajadora-del-peru-en-portugal\\\/#primaryimage\"},\"image\":{\"@id\":\"https:\\\/\\\/newhotel.com\\\/es\\\/blog\\\/nueva-embajadora-del-peru-en-portugal\\\/#primaryimage\"},\"thumbnailUrl\":\"https:\\\/\\\/newhotel.com\\\/wp-content\\\/uploads\\\/2017\\\/08\\\/nueva-embajadora-del-peru-en-portugal-compressed.jpg\",\"datePublished\":\"2017-08-30T13:10:35+00:00\",\"dateModified\":\"2023-08-21T13:21:14+00:00\",\"description\":\"La nueva embajadora tom\u00f3 posesi\u00f3n el pasado 6 de julio y present\u00f3 sus cartas credenciales al presidente de la Rep\u00fablica de Portugal.\",\"breadcrumb\":{\"@id\":\"https:\\\/\\\/newhotel.com\\\/es\\\/blog\\\/nueva-embajadora-del-peru-en-portugal\\\/#breadcrumb\"},\"inLanguage\":\"es\",\"potentialAction\":[{\"@type\":\"ReadAction\",\"target\":[\"https:\\\/\\\/newhotel.com\\\/es\\\/blog\\\/nueva-embajadora-del-peru-en-portugal\\\/\"]}]},{\"@type\":\"ImageObject\",\"inLanguage\":\"es\",\"@id\":\"https:\\\/\\\/newhotel.com\\\/es\\\/blog\\\/nueva-embajadora-del-peru-en-portugal\\\/#primaryimage\",\"url\":\"https:\\\/\\\/newhotel.com\\\/wp-content\\\/uploads\\\/2017\\\/08\\\/nueva-embajadora-del-peru-en-portugal-compressed.jpg\",\"contentUrl\":\"https:\\\/\\\/newhotel.com\\\/wp-content\\\/uploads\\\/2017\\\/08\\\/nueva-embajadora-del-peru-en-portugal-compressed.jpg\",\"width\":600,\"height\":300},{\"@type\":\"BreadcrumbList\",\"@id\":\"https:\\\/\\\/newhotel.com\\\/es\\\/blog\\\/nueva-embajadora-del-peru-en-portugal\\\/#breadcrumb\",\"itemListElement\":[{\"@type\":\"ListItem\",\"position\":1,\"name\":\"In\u00edcio\",\"item\":\"https:\\\/\\\/newhotel.com\\\/pt\\\/\"},{\"@type\":\"ListItem\",\"position\":2,\"name\":\"NUEVA EMBAJADORA DEL PER\u00da EN PORTUGAL\"}]},{\"@type\":\"WebSite\",\"@id\":\"https:\\\/\\\/newhotel.com\\\/br\\\/#website\",\"url\":\"https:\\\/\\\/newhotel.com\\\/br\\\/\",\"name\":\"Newhotel\",\"description\":\"Software de Gest\u00e3o de Hot\u00e9is\",\"publisher\":{\"@id\":\"https:\\\/\\\/newhotel.com\\\/br\\\/#organization\"},\"potentialAction\":[{\"@type\":\"SearchAction\",\"target\":{\"@type\":\"EntryPoint\",\"urlTemplate\":\"https:\\\/\\\/newhotel.com\\\/br\\\/?s={search_term_string}\"},\"query-input\":{\"@type\":\"PropertyValueSpecification\",\"valueRequired\":true,\"valueName\":\"search_term_string\"}}],\"inLanguage\":\"es\"},{\"@type\":\"Organization\",\"@id\":\"https:\\\/\\\/newhotel.com\\\/br\\\/#organization\",\"name\":\"Newhotel Software\",\"alternateName\":\"Newhotel\",\"url\":\"https:\\\/\\\/newhotel.com\\\/br\\\/\",\"logo\":{\"@type\":\"ImageObject\",\"inLanguage\":\"es\",\"@id\":\"https:\\\/\\\/newhotel.com\\\/br\\\/#\\\/schema\\\/logo\\\/image\\\/\",\"url\":\"https:\\\/\\\/newhotel.com\\\/wp-content\\\/uploads\\\/2025\\\/09\\\/logo-newhotel-1.png\",\"contentUrl\":\"https:\\\/\\\/newhotel.com\\\/wp-content\\\/uploads\\\/2025\\\/09\\\/logo-newhotel-1.png\",\"width\":200,\"height\":150,\"caption\":\"Newhotel Software\"},\"image\":{\"@id\":\"https:\\\/\\\/newhotel.com\\\/br\\\/#\\\/schema\\\/logo\\\/image\\\/\"},\"sameAs\":[\"https:\\\/\\\/www.facebook.com\\\/NewhotelSoftware\",\"https:\\\/\\\/www.linkedin.com\\\/company\\\/newhotel-software\\\/\",\"https:\\\/\\\/www.instagram.com\\\/newhotelsoftware\\\/\",\"https:\\\/\\\/www.youtube.com\\\/user\\\/SoftwareNewHotel\"]},{\"@type\":\"Person\",\"@id\":\"https:\\\/\\\/newhotel.com\\\/br\\\/#\\\/schema\\\/person\\\/d7f6bbfee81e00d7a3b2ecc024c506d1\",\"name\":\"inundaweb\",\"image\":{\"@type\":\"ImageObject\",\"inLanguage\":\"es\",\"@id\":\"https:\\\/\\\/secure.gravatar.com\\\/avatar\\\/ecb3525f432cd14e5ab2462e08f917c494f57d8bd0877f8e423a631873128666?s=96&d=mm&r=g\",\"url\":\"https:\\\/\\\/secure.gravatar.com\\\/avatar\\\/ecb3525f432cd14e5ab2462e08f917c494f57d8bd0877f8e423a631873128666?s=96&d=mm&r=g\",\"contentUrl\":\"https:\\\/\\\/secure.gravatar.com\\\/avatar\\\/ecb3525f432cd14e5ab2462e08f917c494f57d8bd0877f8e423a631873128666?s=96&d=mm&r=g\",\"caption\":\"inundaweb\"}}]}<\/script>\n<!-- \/ Yoast SEO Premium plugin. -->","yoast_head_json":{"title":"NUEVA EMBAJADORA DEL PER\u00da EN PORTUGAL - Newhotel","description":"La nueva embajadora tom\u00f3 posesi\u00f3n el pasado 6 de julio y present\u00f3 sus cartas credenciales al presidente de la Rep\u00fablica de Portugal.","robots":{"index":"index","follow":"follow","max-snippet":"max-snippet:-1","max-image-preview":"max-image-preview:large","max-video-preview":"max-video-preview:-1"},"canonical":"https:\/\/newhotel.com\/es\/blog\/nueva-embajadora-del-peru-en-portugal\/","og_locale":"es_ES","og_type":"article","og_title":"NUEVA EMBAJADORA DEL PER\u00da EN PORTUGAL","og_description":"La nueva embajadora tom\u00f3 posesi\u00f3n el pasado 6 de julio y present\u00f3 sus cartas credenciales al presidente de la Rep\u00fablica de Portugal.","og_url":"https:\/\/newhotel.com\/es\/blog\/nueva-embajadora-del-peru-en-portugal\/","og_site_name":"Newhotel","article_publisher":"https:\/\/www.facebook.com\/NewhotelSoftware","article_published_time":"2017-08-30T13:10:35+00:00","article_modified_time":"2023-08-21T13:21:14+00:00","og_image":[{"width":600,"height":300,"url":"https:\/\/newhotel.com\/wp-content\/uploads\/2017\/08\/nueva-embajadora-del-peru-en-portugal-compressed.jpg","type":"image\/jpeg"}],"author":"inundaweb","twitter_card":"summary_large_image","twitter_misc":{"Escrito por":"inundaweb","Tiempo de lectura":"2 minutos"},"schema":{"@context":"https:\/\/schema.org","@graph":[{"@type":"Article","@id":"https:\/\/newhotel.com\/es\/blog\/nueva-embajadora-del-peru-en-portugal\/#article","isPartOf":{"@id":"https:\/\/newhotel.com\/es\/blog\/nueva-embajadora-del-peru-en-portugal\/"},"author":{"name":"inundaweb","@id":"https:\/\/newhotel.com\/br\/#\/schema\/person\/d7f6bbfee81e00d7a3b2ecc024c506d1"},"headline":"NUEVA EMBAJADORA DEL PER\u00da EN PORTUGAL","datePublished":"2017-08-30T13:10:35+00:00","dateModified":"2023-08-21T13:21:14+00:00","mainEntityOfPage":{"@id":"https:\/\/newhotel.com\/es\/blog\/nueva-embajadora-del-peru-en-portugal\/"},"wordCount":238,"commentCount":0,"publisher":{"@id":"https:\/\/newhotel.com\/br\/#organization"},"image":{"@id":"https:\/\/newhotel.com\/es\/blog\/nueva-embajadora-del-peru-en-portugal\/#primaryimage"},"thumbnailUrl":"https:\/\/newhotel.com\/wp-content\/uploads\/2017\/08\/nueva-embajadora-del-peru-en-portugal-compressed.jpg","articleSection":["Noticias"],"inLanguage":"es","potentialAction":[{"@type":"CommentAction","name":"Comment","target":["https:\/\/newhotel.com\/es\/blog\/nueva-embajadora-del-peru-en-portugal\/#respond"]}]},{"@type":"WebPage","@id":"https:\/\/newhotel.com\/es\/blog\/nueva-embajadora-del-peru-en-portugal\/","url":"https:\/\/newhotel.com\/es\/blog\/nueva-embajadora-del-peru-en-portugal\/","name":"NUEVA EMBAJADORA DEL PER\u00da EN PORTUGAL - Newhotel","isPartOf":{"@id":"https:\/\/newhotel.com\/br\/#website"},"primaryImageOfPage":{"@id":"https:\/\/newhotel.com\/es\/blog\/nueva-embajadora-del-peru-en-portugal\/#primaryimage"},"image":{"@id":"https:\/\/newhotel.com\/es\/blog\/nueva-embajadora-del-peru-en-portugal\/#primaryimage"},"thumbnailUrl":"https:\/\/newhotel.com\/wp-content\/uploads\/2017\/08\/nueva-embajadora-del-peru-en-portugal-compressed.jpg","datePublished":"2017-08-30T13:10:35+00:00","dateModified":"2023-08-21T13:21:14+00:00","description":"La nueva embajadora tom\u00f3 posesi\u00f3n el pasado 6 de julio y present\u00f3 sus cartas credenciales al presidente de la Rep\u00fablica de Portugal.","breadcrumb":{"@id":"https:\/\/newhotel.com\/es\/blog\/nueva-embajadora-del-peru-en-portugal\/#breadcrumb"},"inLanguage":"es","potentialAction":[{"@type":"ReadAction","target":["https:\/\/newhotel.com\/es\/blog\/nueva-embajadora-del-peru-en-portugal\/"]}]},{"@type":"ImageObject","inLanguage":"es","@id":"https:\/\/newhotel.com\/es\/blog\/nueva-embajadora-del-peru-en-portugal\/#primaryimage","url":"https:\/\/newhotel.com\/wp-content\/uploads\/2017\/08\/nueva-embajadora-del-peru-en-portugal-compressed.jpg","contentUrl":"https:\/\/newhotel.com\/wp-content\/uploads\/2017\/08\/nueva-embajadora-del-peru-en-portugal-compressed.jpg","width":600,"height":300},{"@type":"BreadcrumbList","@id":"https:\/\/newhotel.com\/es\/blog\/nueva-embajadora-del-peru-en-portugal\/#breadcrumb","itemListElement":[{"@type":"ListItem","position":1,"name":"In\u00edcio","item":"https:\/\/newhotel.com\/pt\/"},{"@type":"ListItem","position":2,"name":"NUEVA EMBAJADORA DEL PER\u00da EN PORTUGAL"}]},{"@type":"WebSite","@id":"https:\/\/newhotel.com\/br\/#website","url":"https:\/\/newhotel.com\/br\/","name":"Newhotel","description":"Software de Gest\u00e3o de Hot\u00e9is","publisher":{"@id":"https:\/\/newhotel.com\/br\/#organization"},"potentialAction":[{"@type":"SearchAction","target":{"@type":"EntryPoint","urlTemplate":"https:\/\/newhotel.com\/br\/?s={search_term_string}"},"query-input":{"@type":"PropertyValueSpecification","valueRequired":true,"valueName":"search_term_string"}}],"inLanguage":"es"},{"@type":"Organization","@id":"https:\/\/newhotel.com\/br\/#organization","name":"Newhotel Software","alternateName":"Newhotel","url":"https:\/\/newhotel.com\/br\/","logo":{"@type":"ImageObject","inLanguage":"es","@id":"https:\/\/newhotel.com\/br\/#\/schema\/logo\/image\/","url":"https:\/\/newhotel.com\/wp-content\/uploads\/2025\/09\/logo-newhotel-1.png","contentUrl":"https:\/\/newhotel.com\/wp-content\/uploads\/2025\/09\/logo-newhotel-1.png","width":200,"height":150,"caption":"Newhotel Software"},"image":{"@id":"https:\/\/newhotel.com\/br\/#\/schema\/logo\/image\/"},"sameAs":["https:\/\/www.facebook.com\/NewhotelSoftware","https:\/\/www.linkedin.com\/company\/newhotel-software\/","https:\/\/www.instagram.com\/newhotelsoftware\/","https:\/\/www.youtube.com\/user\/SoftwareNewHotel"]},{"@type":"Person","@id":"https:\/\/newhotel.com\/br\/#\/schema\/person\/d7f6bbfee81e00d7a3b2ecc024c506d1","name":"inundaweb","image":{"@type":"ImageObject","inLanguage":"es","@id":"https:\/\/secure.gravatar.com\/avatar\/ecb3525f432cd14e5ab2462e08f917c494f57d8bd0877f8e423a631873128666?s=96&d=mm&r=g","url":"https:\/\/secure.gravatar.com\/avatar\/ecb3525f432cd14e5ab2462e08f917c494f57d8bd0877f8e423a631873128666?s=96&d=mm&r=g","contentUrl":"https:\/\/secure.gravatar.com\/avatar\/ecb3525f432cd14e5ab2462e08f917c494f57d8bd0877f8e423a631873128666?s=96&d=mm&r=g","caption":"inundaweb"}}]}},"_links":{"self":[{"href":"https:\/\/newhotel.com\/es\/wp-json\/wp\/v2\/posts\/7172","targetHints":{"allow":["GET"]}}],"collection":[{"href":"https:\/\/newhotel.com\/es\/wp-json\/wp\/v2\/posts"}],"about":[{"href":"https:\/\/newhotel.com\/es\/wp-json\/wp\/v2\/types\/post"}],"author":[{"embeddable":true,"href":"https:\/\/newhotel.com\/es\/wp-json\/wp\/v2\/users\/1"}],"replies":[{"embeddable":true,"href":"https:\/\/newhotel.com\/es\/wp-json\/wp\/v2\/comments?post=7172"}],"version-history":[{"count":0,"href":"https:\/\/newhotel.com\/es\/wp-json\/wp\/v2\/posts\/7172\/revisions"}],"wp:featuredmedia":[{"embeddable":true,"href":"https:\/\/newhotel.com\/es\/wp-json\/wp\/v2\/media\/37436"}],"wp:attachment":[{"href":"https:\/\/newhotel.com\/es\/wp-json\/wp\/v2\/media?parent=7172"}],"wp:term":[{"taxonomy":"category","embeddable":true,"href":"https:\/\/newhotel.com\/es\/wp-json\/wp\/v2\/categories?post=7172"},{"taxonomy":"post_tag","embeddable":true,"href":"https:\/\/newhotel.com\/es\/wp-json\/wp\/v2\/tags?post=7172"}],"curies":[{"name":"wp","href":"https:\/\/api.w.org\/{rel}","templated":true}]}}