{"id":6072,"date":"2017-08-10T10:10:09","date_gmt":"2017-08-10T13:10:09","guid":{"rendered":"https:\/\/newhotel.inundaserver.com.br\/em-todas-as-principais-feiras-da-america-latina\/"},"modified":"2024-06-03T16:49:04","modified_gmt":"2024-06-03T19:49:04","slug":"em-todas-as-principais-feiras-da-america-latina","status":"publish","type":"post","link":"https:\/\/newhotel.com\/pt\/blog\/em-todas-as-principais-feiras-da-america-latina\/","title":{"rendered":"Em todas as principais feiras da Am\u00e9rica Latina"},"content":{"rendered":"<table style=\"width: 1200px;\" border=\"0\" cellspacing=\"10\" cellpadding=\"1\">\n<tbody>\n<tr>\n<td><img fetchpriority=\"high\" decoding=\"async\" src=\"https:\/\/www.newhotel.com\/Images\/Banner\/06.jpg\" alt=\"\" width=\"500\" height=\"210\" \/><\/td>\n<td>\n<h1>SETEMBRO EM GRANDE<\/h1>\n<p>Durante o pr\u00f3ximo m\u00eas de Setembro a Newhotel estar\u00e1 representada com as suas equipas locais e internacionais nas principais feiras de turismo da Am\u00e9rica Latina.<br \/>\nEstaremos \u00e0 sua espera na Equipotel 2017 entre os dias 11 e 14, que decorrer\u00e1 na cidade de S\u00e3o Paulo, na Expocotelco entre os dias 21 e 22 na cidade de Cali e no IX Congreso Nacional de Hotelaria do Chile de 28 a 30 na cidade de Concepci\u00f3n.<\/p>\n<p>Visite-nos e fique a par das melhores solu\u00e7\u00f5es do mercado para o seu neg\u00f3cio!<\/td>\n<\/tr>\n<\/tbody>\n<\/table>\n","protected":false},"excerpt":{"rendered":"<p>Equipotel, Expocotelco e IX Congreso de Hotelaria<\/p>\n","protected":false},"author":1,"featured_media":6073,"comment_status":"open","ping_status":"open","sticky":false,"template":"","format":"standard","meta":{"content-type":"","footnotes":""},"categories":[806],"tags":[],"class_list":["post-6072","post","type-post","status-publish","format-standard","has-post-thumbnail","hentry","category-eventos-pt"],"yoast_head":"<!-- This site is optimized with the Yoast SEO Premium plugin v20.7 (Yoast SEO v28.1) - https:\/\/yoast.com\/product\/yoast-seo-premium-wordpress\/ -->\n<title>Em todas as principais feiras da Am\u00e9rica Latina - Newhotel<\/title>\n<meta name=\"description\" content=\"Durante o pr\u00f3ximo m\u00eas de Setembro a Newhotel estar\u00e1 representada com as suas equipas locais e internacionais nas principais feiras de turismo da Am\u00e9rica Latina.\" \/>\n<meta name=\"robots\" content=\"index, follow, max-snippet:-1, max-image-preview:large, max-video-preview:-1\" \/>\n<link rel=\"canonical\" href=\"https:\/\/newhotel.com\/pt\/blog\/em-todas-as-principais-feiras-da-america-latina\/\" \/>\n<meta property=\"og:locale\" content=\"pt_PT\" \/>\n<meta property=\"og:type\" content=\"article\" \/>\n<meta property=\"og:title\" content=\"Em todas as principais feiras da Am\u00e9rica Latina\" \/>\n<meta property=\"og:description\" content=\"Durante o pr\u00f3ximo m\u00eas de Setembro a Newhotel estar\u00e1 representada com as suas equipas locais e internacionais nas principais feiras de turismo da Am\u00e9rica Latina.\" \/>\n<meta property=\"og:url\" content=\"https:\/\/newhotel.com\/pt\/blog\/em-todas-as-principais-feiras-da-america-latina\/\" \/>\n<meta property=\"og:site_name\" content=\"Newhotel\" \/>\n<meta property=\"article:publisher\" content=\"https:\/\/www.facebook.com\/NewhotelSoftware\" \/>\n<meta property=\"article:published_time\" content=\"2017-08-10T13:10:09+00:00\" \/>\n<meta property=\"article:modified_time\" content=\"2024-06-03T19:49:04+00:00\" \/>\n<meta property=\"og:image\" content=\"https:\/\/newhotel.com\/wp-content\/uploads\/2023\/03\/06.jpg\" \/>\n\t<meta property=\"og:image:width\" content=\"1335\" \/>\n\t<meta property=\"og:image:height\" content=\"560\" \/>\n\t<meta property=\"og:image:type\" content=\"image\/jpeg\" \/>\n<meta name=\"author\" content=\"inundaweb\" \/>\n<meta name=\"twitter:card\" content=\"summary_large_image\" \/>\n<meta name=\"twitter:label1\" content=\"Escrito por\" \/>\n\t<meta name=\"twitter:data1\" content=\"inundaweb\" \/>\n\t<meta name=\"twitter:label2\" content=\"Tempo estimado de leitura\" \/>\n\t<meta name=\"twitter:data2\" content=\"1 minuto\" \/>\n<script type=\"application\/ld+json\" class=\"yoast-schema-graph\">{\"@context\":\"https:\\\/\\\/schema.org\",\"@graph\":[{\"@type\":\"Article\",\"@id\":\"https:\\\/\\\/newhotel.com\\\/pt\\\/blog\\\/em-todas-as-principais-feiras-da-america-latina\\\/#article\",\"isPartOf\":{\"@id\":\"https:\\\/\\\/newhotel.com\\\/pt\\\/blog\\\/em-todas-as-principais-feiras-da-america-latina\\\/\"},\"author\":{\"name\":\"inundaweb\",\"@id\":\"https:\\\/\\\/newhotel.com\\\/br\\\/#\\\/schema\\\/person\\\/d7f6bbfee81e00d7a3b2ecc024c506d1\"},\"headline\":\"Em todas as principais feiras da Am\u00e9rica Latina\",\"datePublished\":\"2017-08-10T13:10:09+00:00\",\"dateModified\":\"2024-06-03T19:49:04+00:00\",\"mainEntityOfPage\":{\"@id\":\"https:\\\/\\\/newhotel.com\\\/pt\\\/blog\\\/em-todas-as-principais-feiras-da-america-latina\\\/\"},\"wordCount\":99,\"commentCount\":0,\"publisher\":{\"@id\":\"https:\\\/\\\/newhotel.com\\\/br\\\/#organization\"},\"image\":{\"@id\":\"https:\\\/\\\/newhotel.com\\\/pt\\\/blog\\\/em-todas-as-principais-feiras-da-america-latina\\\/#primaryimage\"},\"thumbnailUrl\":\"https:\\\/\\\/newhotel.com\\\/wp-content\\\/uploads\\\/2023\\\/03\\\/06.jpg\",\"articleSection\":[\"Eventos\"],\"inLanguage\":\"pt-PT\",\"potentialAction\":[{\"@type\":\"CommentAction\",\"name\":\"Comment\",\"target\":[\"https:\\\/\\\/newhotel.com\\\/pt\\\/blog\\\/em-todas-as-principais-feiras-da-america-latina\\\/#respond\"]}]},{\"@type\":\"WebPage\",\"@id\":\"https:\\\/\\\/newhotel.com\\\/pt\\\/blog\\\/em-todas-as-principais-feiras-da-america-latina\\\/\",\"url\":\"https:\\\/\\\/newhotel.com\\\/pt\\\/blog\\\/em-todas-as-principais-feiras-da-america-latina\\\/\",\"name\":\"Em todas as principais feiras da Am\u00e9rica Latina - Newhotel\",\"isPartOf\":{\"@id\":\"https:\\\/\\\/newhotel.com\\\/br\\\/#website\"},\"primaryImageOfPage\":{\"@id\":\"https:\\\/\\\/newhotel.com\\\/pt\\\/blog\\\/em-todas-as-principais-feiras-da-america-latina\\\/#primaryimage\"},\"image\":{\"@id\":\"https:\\\/\\\/newhotel.com\\\/pt\\\/blog\\\/em-todas-as-principais-feiras-da-america-latina\\\/#primaryimage\"},\"thumbnailUrl\":\"https:\\\/\\\/newhotel.com\\\/wp-content\\\/uploads\\\/2023\\\/03\\\/06.jpg\",\"datePublished\":\"2017-08-10T13:10:09+00:00\",\"dateModified\":\"2024-06-03T19:49:04+00:00\",\"description\":\"Durante o pr\u00f3ximo m\u00eas de Setembro a Newhotel estar\u00e1 representada com as suas equipas locais e internacionais nas principais feiras de turismo da Am\u00e9rica Latina.\",\"breadcrumb\":{\"@id\":\"https:\\\/\\\/newhotel.com\\\/pt\\\/blog\\\/em-todas-as-principais-feiras-da-america-latina\\\/#breadcrumb\"},\"inLanguage\":\"pt-PT\",\"potentialAction\":[{\"@type\":\"ReadAction\",\"target\":[\"https:\\\/\\\/newhotel.com\\\/pt\\\/blog\\\/em-todas-as-principais-feiras-da-america-latina\\\/\"]}]},{\"@type\":\"ImageObject\",\"inLanguage\":\"pt-PT\",\"@id\":\"https:\\\/\\\/newhotel.com\\\/pt\\\/blog\\\/em-todas-as-principais-feiras-da-america-latina\\\/#primaryimage\",\"url\":\"https:\\\/\\\/newhotel.com\\\/wp-content\\\/uploads\\\/2023\\\/03\\\/06.jpg\",\"contentUrl\":\"https:\\\/\\\/newhotel.com\\\/wp-content\\\/uploads\\\/2023\\\/03\\\/06.jpg\",\"width\":1335,\"height\":560},{\"@type\":\"BreadcrumbList\",\"@id\":\"https:\\\/\\\/newhotel.com\\\/pt\\\/blog\\\/em-todas-as-principais-feiras-da-america-latina\\\/#breadcrumb\",\"itemListElement\":[{\"@type\":\"ListItem\",\"position\":1,\"name\":\"In\u00edcio\",\"item\":\"https:\\\/\\\/newhotel.com\\\/pt\\\/\"},{\"@type\":\"ListItem\",\"position\":2,\"name\":\"Em todas as principais feiras da Am\u00e9rica Latina\"}]},{\"@type\":\"WebSite\",\"@id\":\"https:\\\/\\\/newhotel.com\\\/br\\\/#website\",\"url\":\"https:\\\/\\\/newhotel.com\\\/br\\\/\",\"name\":\"Newhotel\",\"description\":\"Software de Gest\u00e3o de Hot\u00e9is\",\"publisher\":{\"@id\":\"https:\\\/\\\/newhotel.com\\\/br\\\/#organization\"},\"potentialAction\":[{\"@type\":\"SearchAction\",\"target\":{\"@type\":\"EntryPoint\",\"urlTemplate\":\"https:\\\/\\\/newhotel.com\\\/br\\\/?s={search_term_string}\"},\"query-input\":{\"@type\":\"PropertyValueSpecification\",\"valueRequired\":true,\"valueName\":\"search_term_string\"}}],\"inLanguage\":\"pt-PT\"},{\"@type\":\"Organization\",\"@id\":\"https:\\\/\\\/newhotel.com\\\/br\\\/#organization\",\"name\":\"Newhotel Software\",\"alternateName\":\"Newhotel\",\"url\":\"https:\\\/\\\/newhotel.com\\\/br\\\/\",\"logo\":{\"@type\":\"ImageObject\",\"inLanguage\":\"pt-PT\",\"@id\":\"https:\\\/\\\/newhotel.com\\\/br\\\/#\\\/schema\\\/logo\\\/image\\\/\",\"url\":\"https:\\\/\\\/newhotel.com\\\/wp-content\\\/uploads\\\/2025\\\/09\\\/logo-newhotel-1.png\",\"contentUrl\":\"https:\\\/\\\/newhotel.com\\\/wp-content\\\/uploads\\\/2025\\\/09\\\/logo-newhotel-1.png\",\"width\":200,\"height\":150,\"caption\":\"Newhotel Software\"},\"image\":{\"@id\":\"https:\\\/\\\/newhotel.com\\\/br\\\/#\\\/schema\\\/logo\\\/image\\\/\"},\"sameAs\":[\"https:\\\/\\\/www.facebook.com\\\/NewhotelSoftware\",\"https:\\\/\\\/www.linkedin.com\\\/company\\\/newhotel-software\\\/\",\"https:\\\/\\\/www.instagram.com\\\/newhotelsoftware\\\/\",\"https:\\\/\\\/www.youtube.com\\\/user\\\/SoftwareNewHotel\"]},{\"@type\":\"Person\",\"@id\":\"https:\\\/\\\/newhotel.com\\\/br\\\/#\\\/schema\\\/person\\\/d7f6bbfee81e00d7a3b2ecc024c506d1\",\"name\":\"inundaweb\",\"image\":{\"@type\":\"ImageObject\",\"inLanguage\":\"pt-PT\",\"@id\":\"https:\\\/\\\/secure.gravatar.com\\\/avatar\\\/ecb3525f432cd14e5ab2462e08f917c494f57d8bd0877f8e423a631873128666?s=96&d=mm&r=g\",\"url\":\"https:\\\/\\\/secure.gravatar.com\\\/avatar\\\/ecb3525f432cd14e5ab2462e08f917c494f57d8bd0877f8e423a631873128666?s=96&d=mm&r=g\",\"contentUrl\":\"https:\\\/\\\/secure.gravatar.com\\\/avatar\\\/ecb3525f432cd14e5ab2462e08f917c494f57d8bd0877f8e423a631873128666?s=96&d=mm&r=g\",\"caption\":\"inundaweb\"}}]}<\/script>\n<!-- \/ Yoast SEO Premium plugin. -->","yoast_head_json":{"title":"Em todas as principais feiras da Am\u00e9rica Latina - Newhotel","description":"Durante o pr\u00f3ximo m\u00eas de Setembro a Newhotel estar\u00e1 representada com as suas equipas locais e internacionais nas principais feiras de turismo da Am\u00e9rica Latina.","robots":{"index":"index","follow":"follow","max-snippet":"max-snippet:-1","max-image-preview":"max-image-preview:large","max-video-preview":"max-video-preview:-1"},"canonical":"https:\/\/newhotel.com\/pt\/blog\/em-todas-as-principais-feiras-da-america-latina\/","og_locale":"pt_PT","og_type":"article","og_title":"Em todas as principais feiras da Am\u00e9rica Latina","og_description":"Durante o pr\u00f3ximo m\u00eas de Setembro a Newhotel estar\u00e1 representada com as suas equipas locais e internacionais nas principais feiras de turismo da Am\u00e9rica Latina.","og_url":"https:\/\/newhotel.com\/pt\/blog\/em-todas-as-principais-feiras-da-america-latina\/","og_site_name":"Newhotel","article_publisher":"https:\/\/www.facebook.com\/NewhotelSoftware","article_published_time":"2017-08-10T13:10:09+00:00","article_modified_time":"2024-06-03T19:49:04+00:00","og_image":[{"width":1335,"height":560,"url":"https:\/\/newhotel.com\/wp-content\/uploads\/2023\/03\/06.jpg","type":"image\/jpeg"}],"author":"inundaweb","twitter_card":"summary_large_image","twitter_misc":{"Escrito por":"inundaweb","Tempo estimado de leitura":"1 minuto"},"schema":{"@context":"https:\/\/schema.org","@graph":[{"@type":"Article","@id":"https:\/\/newhotel.com\/pt\/blog\/em-todas-as-principais-feiras-da-america-latina\/#article","isPartOf":{"@id":"https:\/\/newhotel.com\/pt\/blog\/em-todas-as-principais-feiras-da-america-latina\/"},"author":{"name":"inundaweb","@id":"https:\/\/newhotel.com\/br\/#\/schema\/person\/d7f6bbfee81e00d7a3b2ecc024c506d1"},"headline":"Em todas as principais feiras da Am\u00e9rica Latina","datePublished":"2017-08-10T13:10:09+00:00","dateModified":"2024-06-03T19:49:04+00:00","mainEntityOfPage":{"@id":"https:\/\/newhotel.com\/pt\/blog\/em-todas-as-principais-feiras-da-america-latina\/"},"wordCount":99,"commentCount":0,"publisher":{"@id":"https:\/\/newhotel.com\/br\/#organization"},"image":{"@id":"https:\/\/newhotel.com\/pt\/blog\/em-todas-as-principais-feiras-da-america-latina\/#primaryimage"},"thumbnailUrl":"https:\/\/newhotel.com\/wp-content\/uploads\/2023\/03\/06.jpg","articleSection":["Eventos"],"inLanguage":"pt-PT","potentialAction":[{"@type":"CommentAction","name":"Comment","target":["https:\/\/newhotel.com\/pt\/blog\/em-todas-as-principais-feiras-da-america-latina\/#respond"]}]},{"@type":"WebPage","@id":"https:\/\/newhotel.com\/pt\/blog\/em-todas-as-principais-feiras-da-america-latina\/","url":"https:\/\/newhotel.com\/pt\/blog\/em-todas-as-principais-feiras-da-america-latina\/","name":"Em todas as principais feiras da Am\u00e9rica Latina - Newhotel","isPartOf":{"@id":"https:\/\/newhotel.com\/br\/#website"},"primaryImageOfPage":{"@id":"https:\/\/newhotel.com\/pt\/blog\/em-todas-as-principais-feiras-da-america-latina\/#primaryimage"},"image":{"@id":"https:\/\/newhotel.com\/pt\/blog\/em-todas-as-principais-feiras-da-america-latina\/#primaryimage"},"thumbnailUrl":"https:\/\/newhotel.com\/wp-content\/uploads\/2023\/03\/06.jpg","datePublished":"2017-08-10T13:10:09+00:00","dateModified":"2024-06-03T19:49:04+00:00","description":"Durante o pr\u00f3ximo m\u00eas de Setembro a Newhotel estar\u00e1 representada com as suas equipas locais e internacionais nas principais feiras de turismo da Am\u00e9rica Latina.","breadcrumb":{"@id":"https:\/\/newhotel.com\/pt\/blog\/em-todas-as-principais-feiras-da-america-latina\/#breadcrumb"},"inLanguage":"pt-PT","potentialAction":[{"@type":"ReadAction","target":["https:\/\/newhotel.com\/pt\/blog\/em-todas-as-principais-feiras-da-america-latina\/"]}]},{"@type":"ImageObject","inLanguage":"pt-PT","@id":"https:\/\/newhotel.com\/pt\/blog\/em-todas-as-principais-feiras-da-america-latina\/#primaryimage","url":"https:\/\/newhotel.com\/wp-content\/uploads\/2023\/03\/06.jpg","contentUrl":"https:\/\/newhotel.com\/wp-content\/uploads\/2023\/03\/06.jpg","width":1335,"height":560},{"@type":"BreadcrumbList","@id":"https:\/\/newhotel.com\/pt\/blog\/em-todas-as-principais-feiras-da-america-latina\/#breadcrumb","itemListElement":[{"@type":"ListItem","position":1,"name":"In\u00edcio","item":"https:\/\/newhotel.com\/pt\/"},{"@type":"ListItem","position":2,"name":"Em todas as principais feiras da Am\u00e9rica Latina"}]},{"@type":"WebSite","@id":"https:\/\/newhotel.com\/br\/#website","url":"https:\/\/newhotel.com\/br\/","name":"Newhotel","description":"Software de Gest\u00e3o de Hot\u00e9is","publisher":{"@id":"https:\/\/newhotel.com\/br\/#organization"},"potentialAction":[{"@type":"SearchAction","target":{"@type":"EntryPoint","urlTemplate":"https:\/\/newhotel.com\/br\/?s={search_term_string}"},"query-input":{"@type":"PropertyValueSpecification","valueRequired":true,"valueName":"search_term_string"}}],"inLanguage":"pt-PT"},{"@type":"Organization","@id":"https:\/\/newhotel.com\/br\/#organization","name":"Newhotel Software","alternateName":"Newhotel","url":"https:\/\/newhotel.com\/br\/","logo":{"@type":"ImageObject","inLanguage":"pt-PT","@id":"https:\/\/newhotel.com\/br\/#\/schema\/logo\/image\/","url":"https:\/\/newhotel.com\/wp-content\/uploads\/2025\/09\/logo-newhotel-1.png","contentUrl":"https:\/\/newhotel.com\/wp-content\/uploads\/2025\/09\/logo-newhotel-1.png","width":200,"height":150,"caption":"Newhotel Software"},"image":{"@id":"https:\/\/newhotel.com\/br\/#\/schema\/logo\/image\/"},"sameAs":["https:\/\/www.facebook.com\/NewhotelSoftware","https:\/\/www.linkedin.com\/company\/newhotel-software\/","https:\/\/www.instagram.com\/newhotelsoftware\/","https:\/\/www.youtube.com\/user\/SoftwareNewHotel"]},{"@type":"Person","@id":"https:\/\/newhotel.com\/br\/#\/schema\/person\/d7f6bbfee81e00d7a3b2ecc024c506d1","name":"inundaweb","image":{"@type":"ImageObject","inLanguage":"pt-PT","@id":"https:\/\/secure.gravatar.com\/avatar\/ecb3525f432cd14e5ab2462e08f917c494f57d8bd0877f8e423a631873128666?s=96&d=mm&r=g","url":"https:\/\/secure.gravatar.com\/avatar\/ecb3525f432cd14e5ab2462e08f917c494f57d8bd0877f8e423a631873128666?s=96&d=mm&r=g","contentUrl":"https:\/\/secure.gravatar.com\/avatar\/ecb3525f432cd14e5ab2462e08f917c494f57d8bd0877f8e423a631873128666?s=96&d=mm&r=g","caption":"inundaweb"}}]}},"_links":{"self":[{"href":"https:\/\/newhotel.com\/pt\/wp-json\/wp\/v2\/posts\/6072","targetHints":{"allow":["GET"]}}],"collection":[{"href":"https:\/\/newhotel.com\/pt\/wp-json\/wp\/v2\/posts"}],"about":[{"href":"https:\/\/newhotel.com\/pt\/wp-json\/wp\/v2\/types\/post"}],"author":[{"embeddable":true,"href":"https:\/\/newhotel.com\/pt\/wp-json\/wp\/v2\/users\/1"}],"replies":[{"embeddable":true,"href":"https:\/\/newhotel.com\/pt\/wp-json\/wp\/v2\/comments?post=6072"}],"version-history":[{"count":1,"href":"https:\/\/newhotel.com\/pt\/wp-json\/wp\/v2\/posts\/6072\/revisions"}],"predecessor-version":[{"id":54509,"href":"https:\/\/newhotel.com\/pt\/wp-json\/wp\/v2\/posts\/6072\/revisions\/54509"}],"wp:featuredmedia":[{"embeddable":true,"href":"https:\/\/newhotel.com\/pt\/wp-json\/wp\/v2\/media\/6073"}],"wp:attachment":[{"href":"https:\/\/newhotel.com\/pt\/wp-json\/wp\/v2\/media?parent=6072"}],"wp:term":[{"taxonomy":"category","embeddable":true,"href":"https:\/\/newhotel.com\/pt\/wp-json\/wp\/v2\/categories?post=6072"},{"taxonomy":"post_tag","embeddable":true,"href":"https:\/\/newhotel.com\/pt\/wp-json\/wp\/v2\/tags?post=6072"}],"curies":[{"name":"wp","href":"https:\/\/api.w.org\/{rel}","templated":true}]}}