{"id":6544,"date":"2019-12-04T10:13:41","date_gmt":"2019-12-04T13:13:41","guid":{"rendered":"https:\/\/newhotel.inundaserver.com.br\/newhotel-realiza-open-day-em-mirandela\/"},"modified":"2024-06-03T16:49:40","modified_gmt":"2024-06-03T19:49:40","slug":"newhotel-realiza-open-day-em-mirandela","status":"publish","type":"post","link":"https:\/\/newhotel.com\/pt\/blog\/newhotel-realiza-open-day-em-mirandela\/","title":{"rendered":"Newhotel realiza Open Day em Mirandela"},"content":{"rendered":"<table style=\"width: 800px;\" border=\"0\" cellspacing=\"1\" cellpadding=\"1\" align=\"center\">\n<tbody>\n<tr>\n<td><img fetchpriority=\"high\" decoding=\"async\" class=\"alignnone  wp-image-43542\" src=\"http:\/\/newhotel.com\/wp-content\/uploads\/2019\/12\/newhotel-open-day-mirandela-300x169.jpg\" alt=\"\" width=\"793\" height=\"447\" srcset=\"https:\/\/newhotel.com\/wp-content\/uploads\/2019\/12\/newhotel-open-day-mirandela-300x169.jpg 300w, https:\/\/newhotel.com\/wp-content\/uploads\/2019\/12\/newhotel-open-day-mirandela-768x432.jpg 768w, https:\/\/newhotel.com\/wp-content\/uploads\/2019\/12\/newhotel-open-day-mirandela.jpg 800w\" sizes=\"(max-width: 793px) 100vw, 793px\" \/><\/td>\n<\/tr>\n<tr>\n<td>\n<h1 style=\"text-align: center;\"><strong>Newhotel realiza Open Day em Mirandela<\/strong><\/h1>\n<div style=\"text-align: justify;\">A Newhotel e a <a href=\"https:\/\/www.e-gds.com\/en\/Global\/Homepage.aspx\" target=\"_blank\" rel=\"noopener\">e-Gds<\/a> assinaram um protocolo com a <a href=\"http:\/\/www.esact.ipb.pt\/\" target=\"_blank\" rel=\"noopener\">Escola Superior de Comunica\u00e7\u00e3o, Administra\u00e7\u00e3o e Turismo<\/a>, em Mirandela<br \/>\nO Sr. Presidente do Instituto Polit\u00e9cnico de Bragan\u00e7a, o\u00a0Prof. Doutor Orlando Rodrigues e\u00a0o Diretor da Escola Superior de Comunica\u00e7\u00e3o Administra\u00e7\u00e3o e Turismo, o Prof. Doutor Lu\u00eds Carlos Pires, marcaram presen\u00e7a para celebrar esta formalidade.<strong>Ao abrigo deste protocolo, que surge de uma a\u00e7\u00e3o estrat\u00e9gica levada a cabo pela Newhotel Software, o nosso produto core <a href=\"https:\/\/www.newhotel.com\/pt\/Main\/Cloud-Suite-sistema-integrado\/cloud-pms-Property-Management-System.aspx\" target=\"_blank\" rel=\"noopener\">Cloud PMS<\/a> passar\u00e1 a constar no programa curricular da licenciatura de Turismo e do Curso T\u00e9cnico Superior Profissional de Promo\u00e7\u00e3o Tur\u00edstica e Cultural.<\/strong><br \/>\nEste Open Day foi marcado pela realiza\u00e7\u00e3o de Workshops e apresenta\u00e7\u00e3o das empresas Newhotel Software e E-gds, bem como Case Studies de algumas unidades hoteleiras que utilizam estas solu\u00e7\u00f5es.<\/p>\n<p>Queremos agradecer toda a simpatia demonstrada e desejamos que esta nova etapa seja bastante relevante para o percurso profissional destes jovens, que ser\u00e3o os gestores hoteleiros do futuro!<\/p>\n<\/div>\n<\/td>\n<\/tr>\n<\/tbody>\n<\/table>\n","protected":false},"excerpt":{"rendered":"<p>Assinatura de protocolo possibilita o ensino das solu&ccedil;&otilde;es da Newhotel<br \/>  \u00a0<\/p>\n","protected":false},"author":1,"featured_media":6545,"comment_status":"open","ping_status":"open","sticky":false,"template":"","format":"standard","meta":{"content-type":"","footnotes":""},"categories":[808,626],"tags":[],"class_list":["post-6544","post","type-post","status-publish","format-standard","has-post-thumbnail","hentry","category-escolas-pt","category-noticias-pt"],"yoast_head":"<!-- This site is optimized with the Yoast SEO Premium plugin v20.7 (Yoast SEO v28.1) - https:\/\/yoast.com\/product\/yoast-seo-premium-wordpress\/ -->\n<title>Newhotel realiza Open Day em Mirandela - Newhotel<\/title>\n<meta name=\"description\" content=\"A Newhotel e a e-Gds assinaram um protocolo com a Escola Superior de Comunica\u00e7\u00e3o, Administra\u00e7\u00e3o e Turismo, em Mirandela.\" \/>\n<meta name=\"robots\" content=\"index, follow, max-snippet:-1, max-image-preview:large, max-video-preview:-1\" \/>\n<link rel=\"canonical\" href=\"https:\/\/newhotel.com\/pt\/blog\/newhotel-realiza-open-day-em-mirandela\/\" \/>\n<meta property=\"og:locale\" content=\"pt_PT\" \/>\n<meta property=\"og:type\" content=\"article\" \/>\n<meta property=\"og:title\" content=\"Newhotel realiza Open Day em Mirandela\" \/>\n<meta property=\"og:description\" content=\"A Newhotel e a e-Gds assinaram um protocolo com a Escola Superior de Comunica\u00e7\u00e3o, Administra\u00e7\u00e3o e Turismo, em Mirandela.\" \/>\n<meta property=\"og:url\" content=\"https:\/\/newhotel.com\/pt\/blog\/newhotel-realiza-open-day-em-mirandela\/\" \/>\n<meta property=\"og:site_name\" content=\"Newhotel\" \/>\n<meta property=\"article:publisher\" content=\"https:\/\/www.facebook.com\/NewhotelSoftware\" \/>\n<meta property=\"article:published_time\" content=\"2019-12-04T13:13:41+00:00\" \/>\n<meta property=\"article:modified_time\" content=\"2024-06-03T19:49:40+00:00\" \/>\n<meta property=\"og:image\" content=\"https:\/\/newhotel.com\/wp-content\/uploads\/2023\/03\/open-day-mirandela-1.png\" \/>\n\t<meta property=\"og:image:width\" content=\"800\" \/>\n\t<meta property=\"og:image:height\" content=\"450\" \/>\n\t<meta property=\"og:image:type\" content=\"image\/png\" \/>\n<meta name=\"author\" content=\"inundaweb\" \/>\n<meta name=\"twitter:card\" content=\"summary_large_image\" \/>\n<meta name=\"twitter:label1\" content=\"Escrito por\" \/>\n\t<meta name=\"twitter:data1\" content=\"inundaweb\" \/>\n\t<meta name=\"twitter:label2\" content=\"Tempo estimado de leitura\" \/>\n\t<meta name=\"twitter:data2\" content=\"2 minutos\" \/>\n<script type=\"application\/ld+json\" class=\"yoast-schema-graph\">{\"@context\":\"https:\\\/\\\/schema.org\",\"@graph\":[{\"@type\":\"Article\",\"@id\":\"https:\\\/\\\/newhotel.com\\\/pt\\\/blog\\\/newhotel-realiza-open-day-em-mirandela\\\/#article\",\"isPartOf\":{\"@id\":\"https:\\\/\\\/newhotel.com\\\/pt\\\/blog\\\/newhotel-realiza-open-day-em-mirandela\\\/\"},\"author\":{\"name\":\"inundaweb\",\"@id\":\"https:\\\/\\\/newhotel.com\\\/br\\\/#\\\/schema\\\/person\\\/d7f6bbfee81e00d7a3b2ecc024c506d1\"},\"headline\":\"Newhotel realiza Open Day em Mirandela\",\"datePublished\":\"2019-12-04T13:13:41+00:00\",\"dateModified\":\"2024-06-03T19:49:40+00:00\",\"mainEntityOfPage\":{\"@id\":\"https:\\\/\\\/newhotel.com\\\/pt\\\/blog\\\/newhotel-realiza-open-day-em-mirandela\\\/\"},\"wordCount\":184,\"commentCount\":0,\"publisher\":{\"@id\":\"https:\\\/\\\/newhotel.com\\\/br\\\/#organization\"},\"image\":{\"@id\":\"https:\\\/\\\/newhotel.com\\\/pt\\\/blog\\\/newhotel-realiza-open-day-em-mirandela\\\/#primaryimage\"},\"thumbnailUrl\":\"https:\\\/\\\/newhotel.com\\\/wp-content\\\/uploads\\\/2023\\\/03\\\/open-day-mirandela-1.png\",\"articleSection\":[\"Escolas\",\"Not\u00edcias\"],\"inLanguage\":\"pt-PT\",\"potentialAction\":[{\"@type\":\"CommentAction\",\"name\":\"Comment\",\"target\":[\"https:\\\/\\\/newhotel.com\\\/pt\\\/blog\\\/newhotel-realiza-open-day-em-mirandela\\\/#respond\"]}]},{\"@type\":\"WebPage\",\"@id\":\"https:\\\/\\\/newhotel.com\\\/pt\\\/blog\\\/newhotel-realiza-open-day-em-mirandela\\\/\",\"url\":\"https:\\\/\\\/newhotel.com\\\/pt\\\/blog\\\/newhotel-realiza-open-day-em-mirandela\\\/\",\"name\":\"Newhotel realiza Open Day em Mirandela - Newhotel\",\"isPartOf\":{\"@id\":\"https:\\\/\\\/newhotel.com\\\/br\\\/#website\"},\"primaryImageOfPage\":{\"@id\":\"https:\\\/\\\/newhotel.com\\\/pt\\\/blog\\\/newhotel-realiza-open-day-em-mirandela\\\/#primaryimage\"},\"image\":{\"@id\":\"https:\\\/\\\/newhotel.com\\\/pt\\\/blog\\\/newhotel-realiza-open-day-em-mirandela\\\/#primaryimage\"},\"thumbnailUrl\":\"https:\\\/\\\/newhotel.com\\\/wp-content\\\/uploads\\\/2023\\\/03\\\/open-day-mirandela-1.png\",\"datePublished\":\"2019-12-04T13:13:41+00:00\",\"dateModified\":\"2024-06-03T19:49:40+00:00\",\"description\":\"A Newhotel e a e-Gds assinaram um protocolo com a Escola Superior de Comunica\u00e7\u00e3o, Administra\u00e7\u00e3o e Turismo, em Mirandela.\",\"breadcrumb\":{\"@id\":\"https:\\\/\\\/newhotel.com\\\/pt\\\/blog\\\/newhotel-realiza-open-day-em-mirandela\\\/#breadcrumb\"},\"inLanguage\":\"pt-PT\",\"potentialAction\":[{\"@type\":\"ReadAction\",\"target\":[\"https:\\\/\\\/newhotel.com\\\/pt\\\/blog\\\/newhotel-realiza-open-day-em-mirandela\\\/\"]}]},{\"@type\":\"ImageObject\",\"inLanguage\":\"pt-PT\",\"@id\":\"https:\\\/\\\/newhotel.com\\\/pt\\\/blog\\\/newhotel-realiza-open-day-em-mirandela\\\/#primaryimage\",\"url\":\"https:\\\/\\\/newhotel.com\\\/wp-content\\\/uploads\\\/2023\\\/03\\\/open-day-mirandela-1.png\",\"contentUrl\":\"https:\\\/\\\/newhotel.com\\\/wp-content\\\/uploads\\\/2023\\\/03\\\/open-day-mirandela-1.png\",\"width\":800,\"height\":450,\"caption\":\"Newhotel realiza Open Day em Mirandela\"},{\"@type\":\"BreadcrumbList\",\"@id\":\"https:\\\/\\\/newhotel.com\\\/pt\\\/blog\\\/newhotel-realiza-open-day-em-mirandela\\\/#breadcrumb\",\"itemListElement\":[{\"@type\":\"ListItem\",\"position\":1,\"name\":\"In\u00edcio\",\"item\":\"https:\\\/\\\/newhotel.com\\\/pt\\\/\"},{\"@type\":\"ListItem\",\"position\":2,\"name\":\"Newhotel realiza Open Day em Mirandela\"}]},{\"@type\":\"WebSite\",\"@id\":\"https:\\\/\\\/newhotel.com\\\/br\\\/#website\",\"url\":\"https:\\\/\\\/newhotel.com\\\/br\\\/\",\"name\":\"Newhotel\",\"description\":\"Software de Gest\u00e3o de Hot\u00e9is\",\"publisher\":{\"@id\":\"https:\\\/\\\/newhotel.com\\\/br\\\/#organization\"},\"potentialAction\":[{\"@type\":\"SearchAction\",\"target\":{\"@type\":\"EntryPoint\",\"urlTemplate\":\"https:\\\/\\\/newhotel.com\\\/br\\\/?s={search_term_string}\"},\"query-input\":{\"@type\":\"PropertyValueSpecification\",\"valueRequired\":true,\"valueName\":\"search_term_string\"}}],\"inLanguage\":\"pt-PT\"},{\"@type\":\"Organization\",\"@id\":\"https:\\\/\\\/newhotel.com\\\/br\\\/#organization\",\"name\":\"Newhotel Software\",\"alternateName\":\"Newhotel\",\"url\":\"https:\\\/\\\/newhotel.com\\\/br\\\/\",\"logo\":{\"@type\":\"ImageObject\",\"inLanguage\":\"pt-PT\",\"@id\":\"https:\\\/\\\/newhotel.com\\\/br\\\/#\\\/schema\\\/logo\\\/image\\\/\",\"url\":\"https:\\\/\\\/newhotel.com\\\/wp-content\\\/uploads\\\/2025\\\/09\\\/logo-newhotel-1.png\",\"contentUrl\":\"https:\\\/\\\/newhotel.com\\\/wp-content\\\/uploads\\\/2025\\\/09\\\/logo-newhotel-1.png\",\"width\":200,\"height\":150,\"caption\":\"Newhotel Software\"},\"image\":{\"@id\":\"https:\\\/\\\/newhotel.com\\\/br\\\/#\\\/schema\\\/logo\\\/image\\\/\"},\"sameAs\":[\"https:\\\/\\\/www.facebook.com\\\/NewhotelSoftware\",\"https:\\\/\\\/www.linkedin.com\\\/company\\\/newhotel-software\\\/\",\"https:\\\/\\\/www.instagram.com\\\/newhotelsoftware\\\/\",\"https:\\\/\\\/www.youtube.com\\\/user\\\/SoftwareNewHotel\"]},{\"@type\":\"Person\",\"@id\":\"https:\\\/\\\/newhotel.com\\\/br\\\/#\\\/schema\\\/person\\\/d7f6bbfee81e00d7a3b2ecc024c506d1\",\"name\":\"inundaweb\",\"image\":{\"@type\":\"ImageObject\",\"inLanguage\":\"pt-PT\",\"@id\":\"https:\\\/\\\/secure.gravatar.com\\\/avatar\\\/ecb3525f432cd14e5ab2462e08f917c494f57d8bd0877f8e423a631873128666?s=96&d=mm&r=g\",\"url\":\"https:\\\/\\\/secure.gravatar.com\\\/avatar\\\/ecb3525f432cd14e5ab2462e08f917c494f57d8bd0877f8e423a631873128666?s=96&d=mm&r=g\",\"contentUrl\":\"https:\\\/\\\/secure.gravatar.com\\\/avatar\\\/ecb3525f432cd14e5ab2462e08f917c494f57d8bd0877f8e423a631873128666?s=96&d=mm&r=g\",\"caption\":\"inundaweb\"}}]}<\/script>\n<!-- \/ Yoast SEO Premium plugin. -->","yoast_head_json":{"title":"Newhotel realiza Open Day em Mirandela - Newhotel","description":"A Newhotel e a e-Gds assinaram um protocolo com a Escola Superior de Comunica\u00e7\u00e3o, Administra\u00e7\u00e3o e Turismo, em Mirandela.","robots":{"index":"index","follow":"follow","max-snippet":"max-snippet:-1","max-image-preview":"max-image-preview:large","max-video-preview":"max-video-preview:-1"},"canonical":"https:\/\/newhotel.com\/pt\/blog\/newhotel-realiza-open-day-em-mirandela\/","og_locale":"pt_PT","og_type":"article","og_title":"Newhotel realiza Open Day em Mirandela","og_description":"A Newhotel e a e-Gds assinaram um protocolo com a Escola Superior de Comunica\u00e7\u00e3o, Administra\u00e7\u00e3o e Turismo, em Mirandela.","og_url":"https:\/\/newhotel.com\/pt\/blog\/newhotel-realiza-open-day-em-mirandela\/","og_site_name":"Newhotel","article_publisher":"https:\/\/www.facebook.com\/NewhotelSoftware","article_published_time":"2019-12-04T13:13:41+00:00","article_modified_time":"2024-06-03T19:49:40+00:00","og_image":[{"width":800,"height":450,"url":"https:\/\/newhotel.com\/wp-content\/uploads\/2023\/03\/open-day-mirandela-1.png","type":"image\/png"}],"author":"inundaweb","twitter_card":"summary_large_image","twitter_misc":{"Escrito por":"inundaweb","Tempo estimado de leitura":"2 minutos"},"schema":{"@context":"https:\/\/schema.org","@graph":[{"@type":"Article","@id":"https:\/\/newhotel.com\/pt\/blog\/newhotel-realiza-open-day-em-mirandela\/#article","isPartOf":{"@id":"https:\/\/newhotel.com\/pt\/blog\/newhotel-realiza-open-day-em-mirandela\/"},"author":{"name":"inundaweb","@id":"https:\/\/newhotel.com\/br\/#\/schema\/person\/d7f6bbfee81e00d7a3b2ecc024c506d1"},"headline":"Newhotel realiza Open Day em Mirandela","datePublished":"2019-12-04T13:13:41+00:00","dateModified":"2024-06-03T19:49:40+00:00","mainEntityOfPage":{"@id":"https:\/\/newhotel.com\/pt\/blog\/newhotel-realiza-open-day-em-mirandela\/"},"wordCount":184,"commentCount":0,"publisher":{"@id":"https:\/\/newhotel.com\/br\/#organization"},"image":{"@id":"https:\/\/newhotel.com\/pt\/blog\/newhotel-realiza-open-day-em-mirandela\/#primaryimage"},"thumbnailUrl":"https:\/\/newhotel.com\/wp-content\/uploads\/2023\/03\/open-day-mirandela-1.png","articleSection":["Escolas","Not\u00edcias"],"inLanguage":"pt-PT","potentialAction":[{"@type":"CommentAction","name":"Comment","target":["https:\/\/newhotel.com\/pt\/blog\/newhotel-realiza-open-day-em-mirandela\/#respond"]}]},{"@type":"WebPage","@id":"https:\/\/newhotel.com\/pt\/blog\/newhotel-realiza-open-day-em-mirandela\/","url":"https:\/\/newhotel.com\/pt\/blog\/newhotel-realiza-open-day-em-mirandela\/","name":"Newhotel realiza Open Day em Mirandela - Newhotel","isPartOf":{"@id":"https:\/\/newhotel.com\/br\/#website"},"primaryImageOfPage":{"@id":"https:\/\/newhotel.com\/pt\/blog\/newhotel-realiza-open-day-em-mirandela\/#primaryimage"},"image":{"@id":"https:\/\/newhotel.com\/pt\/blog\/newhotel-realiza-open-day-em-mirandela\/#primaryimage"},"thumbnailUrl":"https:\/\/newhotel.com\/wp-content\/uploads\/2023\/03\/open-day-mirandela-1.png","datePublished":"2019-12-04T13:13:41+00:00","dateModified":"2024-06-03T19:49:40+00:00","description":"A Newhotel e a e-Gds assinaram um protocolo com a Escola Superior de Comunica\u00e7\u00e3o, Administra\u00e7\u00e3o e Turismo, em Mirandela.","breadcrumb":{"@id":"https:\/\/newhotel.com\/pt\/blog\/newhotel-realiza-open-day-em-mirandela\/#breadcrumb"},"inLanguage":"pt-PT","potentialAction":[{"@type":"ReadAction","target":["https:\/\/newhotel.com\/pt\/blog\/newhotel-realiza-open-day-em-mirandela\/"]}]},{"@type":"ImageObject","inLanguage":"pt-PT","@id":"https:\/\/newhotel.com\/pt\/blog\/newhotel-realiza-open-day-em-mirandela\/#primaryimage","url":"https:\/\/newhotel.com\/wp-content\/uploads\/2023\/03\/open-day-mirandela-1.png","contentUrl":"https:\/\/newhotel.com\/wp-content\/uploads\/2023\/03\/open-day-mirandela-1.png","width":800,"height":450,"caption":"Newhotel realiza Open Day em Mirandela"},{"@type":"BreadcrumbList","@id":"https:\/\/newhotel.com\/pt\/blog\/newhotel-realiza-open-day-em-mirandela\/#breadcrumb","itemListElement":[{"@type":"ListItem","position":1,"name":"In\u00edcio","item":"https:\/\/newhotel.com\/pt\/"},{"@type":"ListItem","position":2,"name":"Newhotel realiza Open Day em Mirandela"}]},{"@type":"WebSite","@id":"https:\/\/newhotel.com\/br\/#website","url":"https:\/\/newhotel.com\/br\/","name":"Newhotel","description":"Software de Gest\u00e3o de Hot\u00e9is","publisher":{"@id":"https:\/\/newhotel.com\/br\/#organization"},"potentialAction":[{"@type":"SearchAction","target":{"@type":"EntryPoint","urlTemplate":"https:\/\/newhotel.com\/br\/?s={search_term_string}"},"query-input":{"@type":"PropertyValueSpecification","valueRequired":true,"valueName":"search_term_string"}}],"inLanguage":"pt-PT"},{"@type":"Organization","@id":"https:\/\/newhotel.com\/br\/#organization","name":"Newhotel Software","alternateName":"Newhotel","url":"https:\/\/newhotel.com\/br\/","logo":{"@type":"ImageObject","inLanguage":"pt-PT","@id":"https:\/\/newhotel.com\/br\/#\/schema\/logo\/image\/","url":"https:\/\/newhotel.com\/wp-content\/uploads\/2025\/09\/logo-newhotel-1.png","contentUrl":"https:\/\/newhotel.com\/wp-content\/uploads\/2025\/09\/logo-newhotel-1.png","width":200,"height":150,"caption":"Newhotel Software"},"image":{"@id":"https:\/\/newhotel.com\/br\/#\/schema\/logo\/image\/"},"sameAs":["https:\/\/www.facebook.com\/NewhotelSoftware","https:\/\/www.linkedin.com\/company\/newhotel-software\/","https:\/\/www.instagram.com\/newhotelsoftware\/","https:\/\/www.youtube.com\/user\/SoftwareNewHotel"]},{"@type":"Person","@id":"https:\/\/newhotel.com\/br\/#\/schema\/person\/d7f6bbfee81e00d7a3b2ecc024c506d1","name":"inundaweb","image":{"@type":"ImageObject","inLanguage":"pt-PT","@id":"https:\/\/secure.gravatar.com\/avatar\/ecb3525f432cd14e5ab2462e08f917c494f57d8bd0877f8e423a631873128666?s=96&d=mm&r=g","url":"https:\/\/secure.gravatar.com\/avatar\/ecb3525f432cd14e5ab2462e08f917c494f57d8bd0877f8e423a631873128666?s=96&d=mm&r=g","contentUrl":"https:\/\/secure.gravatar.com\/avatar\/ecb3525f432cd14e5ab2462e08f917c494f57d8bd0877f8e423a631873128666?s=96&d=mm&r=g","caption":"inundaweb"}}]}},"_links":{"self":[{"href":"https:\/\/newhotel.com\/pt\/wp-json\/wp\/v2\/posts\/6544","targetHints":{"allow":["GET"]}}],"collection":[{"href":"https:\/\/newhotel.com\/pt\/wp-json\/wp\/v2\/posts"}],"about":[{"href":"https:\/\/newhotel.com\/pt\/wp-json\/wp\/v2\/types\/post"}],"author":[{"embeddable":true,"href":"https:\/\/newhotel.com\/pt\/wp-json\/wp\/v2\/users\/1"}],"replies":[{"embeddable":true,"href":"https:\/\/newhotel.com\/pt\/wp-json\/wp\/v2\/comments?post=6544"}],"version-history":[{"count":1,"href":"https:\/\/newhotel.com\/pt\/wp-json\/wp\/v2\/posts\/6544\/revisions"}],"predecessor-version":[{"id":54606,"href":"https:\/\/newhotel.com\/pt\/wp-json\/wp\/v2\/posts\/6544\/revisions\/54606"}],"wp:featuredmedia":[{"embeddable":true,"href":"https:\/\/newhotel.com\/pt\/wp-json\/wp\/v2\/media\/6545"}],"wp:attachment":[{"href":"https:\/\/newhotel.com\/pt\/wp-json\/wp\/v2\/media?parent=6544"}],"wp:term":[{"taxonomy":"category","embeddable":true,"href":"https:\/\/newhotel.com\/pt\/wp-json\/wp\/v2\/categories?post=6544"},{"taxonomy":"post_tag","embeddable":true,"href":"https:\/\/newhotel.com\/pt\/wp-json\/wp\/v2\/tags?post=6544"}],"curies":[{"name":"wp","href":"https:\/\/api.w.org\/{rel}","templated":true}]}}